{"id":6150,"date":"2020-07-15T09:59:33","date_gmt":"2020-07-15T12:59:33","guid":{"rendered":"http:\/\/dgospel.com.br\/portal\/?p=6150"},"modified":"2020-07-18T17:12:43","modified_gmt":"2020-07-18T20:12:43","slug":"igreja-realiza-culto-drive-in-e-reune-mais-de-600-carros-no-interior-de-sp","status":"publish","type":"post","link":"https:\/\/dgospel.com.br\/portal\/index.php\/2020\/07\/15\/igreja-realiza-culto-drive-in-e-reune-mais-de-600-carros-no-interior-de-sp\/","title":{"rendered":"Igreja realiza culto drive-in e re\u00fane mais de 600 carros no interior de SP"},"content":{"rendered":"\n<p>No \u00faltimo domingo (12) uma igreja evang\u00e9lica de Mar\u00edlia (SP) realizou um&nbsp;<strong><a href=\"https:\/\/guiame.com.br\/gospel\/mundo-cristao\/igreja-celebra-79-anos-com-culto-drive-e-recebe-quase-500-carros-em-sp.html\">culto drive-in<\/a><\/strong>, reunindo mais de 600 ve\u00edculos. O culto foi realizado pela Primeira Igreja Batista de Mar\u00edlia, que destacou o objetivo de realizar o culto durante a pandemia.<\/p>\n\n\n\n<p>\u201cN\u00f3s nos recusamos a falar de morte, nos recusamos a ficar propagando doen\u00e7a,\u00a0<strong><a href=\"https:\/\/guiame.com.br\/gospel\/mundo-cristao\/max-lucado-diz-que-deus-esta-falando-com-o-mundo-em-meio-pandemia-de-coronavirus.html\">pandemia ou epidemia<\/a><\/strong>. N\u00f3s estamos aqui para falar Daquele que \u00e9 o Autor da Vida, que \u00e9 o Senhor do universo, que \u00e9 o Senhor da Hist\u00f3ria, que \u00e9 o Senhor de todas as coisas, que tem a minha vida e a sua vida nas palmas das Suas m\u00e3os\u201d, disse o pastor Domingos Jardim durante sua prega\u00e7\u00e3o no culto.<\/p>\n\n\n\n<p>Em depoimento para um v\u00eddeo posteriormente divulgado nas redes sociais, o pastor expressou sua gratid\u00e3o em poder realizar o culto, que j\u00e1 aconteceu pela segunda vez com a organiza\u00e7\u00e3o da PIB de Mar\u00edlia.<\/p>\n\n\n\n<p>\u201cPela gra\u00e7a de Deus, a gente pode realizar mais esse culto drive-in e \u00e9 uma alegria muito grande, um privil\u00e9gio, poder celebrar o Senhor. A Palavra \u00e9 uma Palavra que traz encorajamento, f\u00e9 e motiva\u00e7\u00e3o, porque a motiva\u00e7\u00e3o vem de Deus\u201d, destacou o pastor.<\/p>\n\n\n\n<p>A ideia da realiza\u00e7\u00e3o do culto foi permitir a celebra\u00e7\u00e3o, evitando aglomera\u00e7\u00f5es e a dissemina\u00e7\u00e3o da Covid-19. Com isso, o culto foi realizado no estacionamento de em um shopping da cidade.<\/p>\n\n\n\n<p>Os fi\u00e9is ficaram nos ve\u00edculos, com os far\u00f3is ligados, e muitos desceram para ficar ao lado dos autom\u00f3veis durante o louvor. Estando dentro ou fora de seus carros, todos usaram m\u00e1scaras durante a celebra\u00e7\u00e3o do culto, que durou das 17h30 \u00e0s 19h.<\/p>\n\n\n\n<p>\n\nFONTE: GUIAME, COM INFORMA\u00c7\u00d5ES DO G1 \/ PRIMEIRA IGREJA BATISTA DE MAR\u00cdLIA\n\n<\/p>\n","protected":false},"excerpt":{"rendered":"<p>No \u00faltimo domingo (12) uma igreja evang\u00e9lica de Mar\u00edlia (SP) realizou um&nbsp;culto drive-in, reunindo mais de 600 ve\u00edculos. O culto foi realizado pela Primeira Igreja Batista de Mar\u00edlia, que destacou o objetivo de realizar o culto durante a pandemia. \u201cN\u00f3s nos recusamos a falar de morte, nos recusamos a ficar propagando doen\u00e7a,\u00a0pandemia ou epidemia. N\u00f3s [&hellip;]<\/p>\n","protected":false},"author":2,"featured_media":6151,"comment_status":"open","ping_status":"open","sticky":false,"template":"","format":"standard","meta":[],"categories":[5,6],"tags":[14],"_links":{"self":[{"href":"https:\/\/dgospel.com.br\/portal\/index.php\/wp-json\/wp\/v2\/posts\/6150"}],"collection":[{"href":"https:\/\/dgospel.com.br\/portal\/index.php\/wp-json\/wp\/v2\/posts"}],"about":[{"href":"https:\/\/dgospel.com.br\/portal\/index.php\/wp-json\/wp\/v2\/types\/post"}],"author":[{"embeddable":true,"href":"https:\/\/dgospel.com.br\/portal\/index.php\/wp-json\/wp\/v2\/users\/2"}],"replies":[{"embeddable":true,"href":"https:\/\/dgospel.com.br\/portal\/index.php\/wp-json\/wp\/v2\/comments?post=6150"}],"version-history":[{"count":1,"href":"https:\/\/dgospel.com.br\/portal\/index.php\/wp-json\/wp\/v2\/posts\/6150\/revisions"}],"predecessor-version":[{"id":6152,"href":"https:\/\/dgospel.com.br\/portal\/index.php\/wp-json\/wp\/v2\/posts\/6150\/revisions\/6152"}],"wp:featuredmedia":[{"embeddable":true,"href":"https:\/\/dgospel.com.br\/portal\/index.php\/wp-json\/wp\/v2\/media\/6151"}],"wp:attachment":[{"href":"https:\/\/dgospel.com.br\/portal\/index.php\/wp-json\/wp\/v2\/media?parent=6150"}],"wp:term":[{"taxonomy":"category","embeddable":true,"href":"https:\/\/dgospel.com.br\/portal\/index.php\/wp-json\/wp\/v2\/categories?post=6150"},{"taxonomy":"post_tag","embeddable":true,"href":"https:\/\/dgospel.com.br\/portal\/index.php\/wp-json\/wp\/v2\/tags?post=6150"}],"curies":[{"name":"wp","href":"https:\/\/api.w.org\/{rel}","templated":true}]}}