{"id":6156,"date":"2020-07-15T10:19:40","date_gmt":"2020-07-15T13:19:40","guid":{"rendered":"http:\/\/dgospel.com.br\/portal\/?p=6156"},"modified":"2020-07-15T10:19:41","modified_gmt":"2020-07-15T13:19:41","slug":"mp-da-italia-investiga-atuacao-da-oms-durante-a-pandemia","status":"publish","type":"post","link":"https:\/\/dgospel.com.br\/portal\/index.php\/2020\/07\/15\/mp-da-italia-investiga-atuacao-da-oms-durante-a-pandemia\/","title":{"rendered":"MP da It\u00e1lia investiga atua\u00e7\u00e3o da OMS durante a pandemia"},"content":{"rendered":"\n<p>O Minist\u00e9rio P\u00fablico de Mil\u00e3o, na It\u00e1lia, decidiu abrir um inqu\u00e9rito por \u201cepidemia culposa\u201d para investigar a atua\u00e7\u00e3o da Organiza\u00e7\u00e3o Mundial de Sa\u00fade (OMS) durante a pandemia de coronav\u00edrus, que matou milhares de pessoas no pa\u00eds europeu. A medida, aberta por uma entidade de defesa do consumidor, \u00e9 relacionado aos casos em que n\u00e3o existe a inten\u00e7\u00e3o de cometer o crime.<\/p>\n\n\n\n<p>Chamado de \u201cesposto\u201d na regra jur\u00eddica italiana, a medida n\u00e3o chega a ser uma den\u00fancia, mas determina ao MP a apura\u00e7\u00e3o de um poss\u00edvel delito. No caso em quest\u00e3o, a associa\u00e7\u00e3o Codacons apontou \u201cerros, contradi\u00e7\u00f5es, omiss\u00f5es e atrasos por parte da OMS na gest\u00e3o da pandemia\u201d.\u2013 Quem tinha a tarefa e a obriga\u00e7\u00e3o de fornecer informa\u00e7\u00f5es precisas, tempestivas e independentes para dar importantes recomenda\u00e7\u00f5es e tomar decis\u00f5es sobre a sa\u00fade p\u00fablica, ou seja, a OMS, na pessoa do diretor Tedros Adhanom Ghebreyesus, pode ter tido poss\u00edveis responsabilidades, contribuindo para a difus\u00e3o da epidemia em sua origem, impedindo de salvar milhares de vidas e criando danos econ\u00f4micos em todo o mundo \u2013 aponta a Codacons. <\/p>\n\n\n\n<p>A entidade aponta ainda que as autoridades italianas \u201cconfiaram totalmente\u201d na OMS e que, \u201cde alguma maneira, podem ter sofrido as consequ\u00eancias desse modus operandi\u201d.<\/p>\n\n\n\n<p>\u2013 N\u00e3o exclu\u00edmos a\u00e7\u00f5es de ressarcimento se emergirem eventuais il\u00edcitos \u2013 declarou o presidente da Codacons, Carlo Rienzi.<\/p>\n","protected":false},"excerpt":{"rendered":"<p>O Minist\u00e9rio P\u00fablico de Mil\u00e3o, na It\u00e1lia, decidiu abrir um inqu\u00e9rito por \u201cepidemia culposa\u201d para investigar a atua\u00e7\u00e3o da Organiza\u00e7\u00e3o Mundial de Sa\u00fade (OMS) durante a pandemia de coronav\u00edrus, que matou milhares de pessoas no pa\u00eds europeu. A medida, aberta por uma entidade de defesa do consumidor, \u00e9 relacionado aos casos em que n\u00e3o existe [&hellip;]<\/p>\n","protected":false},"author":2,"featured_media":6157,"comment_status":"open","ping_status":"open","sticky":false,"template":"","format":"standard","meta":[],"categories":[4,1],"tags":[],"_links":{"self":[{"href":"https:\/\/dgospel.com.br\/portal\/index.php\/wp-json\/wp\/v2\/posts\/6156"}],"collection":[{"href":"https:\/\/dgospel.com.br\/portal\/index.php\/wp-json\/wp\/v2\/posts"}],"about":[{"href":"https:\/\/dgospel.com.br\/portal\/index.php\/wp-json\/wp\/v2\/types\/post"}],"author":[{"embeddable":true,"href":"https:\/\/dgospel.com.br\/portal\/index.php\/wp-json\/wp\/v2\/users\/2"}],"replies":[{"embeddable":true,"href":"https:\/\/dgospel.com.br\/portal\/index.php\/wp-json\/wp\/v2\/comments?post=6156"}],"version-history":[{"count":1,"href":"https:\/\/dgospel.com.br\/portal\/index.php\/wp-json\/wp\/v2\/posts\/6156\/revisions"}],"predecessor-version":[{"id":6158,"href":"https:\/\/dgospel.com.br\/portal\/index.php\/wp-json\/wp\/v2\/posts\/6156\/revisions\/6158"}],"wp:featuredmedia":[{"embeddable":true,"href":"https:\/\/dgospel.com.br\/portal\/index.php\/wp-json\/wp\/v2\/media\/6157"}],"wp:attachment":[{"href":"https:\/\/dgospel.com.br\/portal\/index.php\/wp-json\/wp\/v2\/media?parent=6156"}],"wp:term":[{"taxonomy":"category","embeddable":true,"href":"https:\/\/dgospel.com.br\/portal\/index.php\/wp-json\/wp\/v2\/categories?post=6156"},{"taxonomy":"post_tag","embeddable":true,"href":"https:\/\/dgospel.com.br\/portal\/index.php\/wp-json\/wp\/v2\/tags?post=6156"}],"curies":[{"name":"wp","href":"https:\/\/api.w.org\/{rel}","templated":true}]}}