{"id":6161,"date":"2020-07-17T10:39:13","date_gmt":"2020-07-17T13:39:13","guid":{"rendered":"http:\/\/dgospel.com.br\/portal\/?p=6161"},"modified":"2020-07-17T10:39:14","modified_gmt":"2020-07-17T13:39:14","slug":"pastor-milton-ribeiro-toma-posse-como-ministro-da-educacao-com-ajuda-de-deus-deixarei-um-legado","status":"publish","type":"post","link":"https:\/\/dgospel.com.br\/portal\/index.php\/2020\/07\/17\/pastor-milton-ribeiro-toma-posse-como-ministro-da-educacao-com-ajuda-de-deus-deixarei-um-legado\/","title":{"rendered":"Pastor Milton Ribeiro toma posse como ministro da Educa\u00e7\u00e3o: \u201cCom ajuda de Deus, deixarei um legado\u201d"},"content":{"rendered":"\n<p>O\nnovo ministro da Educa\u00e7\u00e3o, o pastor &nbsp;<a href=\"https:\/\/guiame.com.br\/gospel\/entrevistas\/deus-abriu-portas-para-eu-contribuir-com-o-brasil-diz-pastor-nomeado-por-bolsonaro.html\"><strong>Milton Ribeiro<\/strong><\/a>,\ntomou posse como titular da pasta nesta quinta-feira (16). O presidente Jair\nBolsonaro participou da cerim\u00f4nia virtualmente, a partir do Pal\u00e1cio da\nAlvorada.<\/p>\n\n\n\n<p>\u201cTenho consci\u00eancia que n\u00e3o\niremos solucionar o problema de educa\u00e7\u00e3o no Pa\u00eds. Mas procuraremos sim, com a\najuda de Deus, deixar um legado positivo e de esperan\u00e7a para as gera\u00e7\u00f5es\nfuturas\u201d, disse o novo ministro em seu discurso de posse.<\/p>\n\n\n\n<p>\u201cConquanto,\ntendo a forma\u00e7\u00e3o religiosa, o compromisso que assumo hoje ao tomar posse est\u00e1\nbem firmado e bem localizado em valores constitucionais da laicidade do Estado\ne do ensino p\u00fablico. Assim, Deus me ajude\u201d, acrescentou Ribeiro.<\/p>\n\n\n\n<p>Em seu discurso, Jair\nBolsonaro definiu Ribeiro como \u201cum ministro voltado para o di\u00e1logo\u201d, que ir\u00e1\nusar sua experi\u00eancia para fortalecer os valores defendidos pelo governo.<\/p>\n\n\n\n<p>\u201cTenho certeza que a\ntransi\u00e7\u00e3o ser\u00e1 tranquila. Voc\u00ea ter\u00e1 como, pontualmente, colocar gente ao teu\nlado com o mesmo esp\u00edrito seu. Se bem que, pode ter certeza, grande parte do\nminist\u00e9rio pensa como voc\u00ea. E eles agora, na sua pessoa, ter\u00e3o como fazer valer\no seu potencial\u201d, disse o presidente ao novo ministro.<\/p>\n\n\n\n<p>A indica\u00e7\u00e3o de Milton Ribeiro\npara o Minist\u00e9rio da Educa\u00e7\u00e3o foi anunciada por Bolsonaro na \u00faltima sexta-feira\n(10). O cargo ficou vago desde que a nomea\u00e7\u00e3o de&nbsp;<a href=\"https:\/\/guiame.com.br\/gospel\/noticias\/novo-ministro-da-educacao-e-formado-pelo-seminario-teologico-batista.html\"><strong>Carlos Alberto Decotelli<\/strong><\/a>&nbsp;foi\nrevogada, sem que ele tivesse tomado posse, depois de uma s\u00e9rie de\ninconsist\u00eancias curriculares.<\/p>\n\n\n\n<p>Milton Ribeiro, de 62 anos, \u00e9\npastor da Igreja Presbiteriana Jardim Ora\u00e7\u00e3o, em Santos. Ele \u00e9 doutor em educa\u00e7\u00e3o\npela Universidade de S\u00e3o Paulo (USP), mestre em direito pela Universidade\nPresbiteriana Mackenzie e graduado em direito e teologia.<\/p>\n\n\n\n<p>Desde maio do ano passado,\nintegra a&nbsp;<a href=\"https:\/\/guiame.com.br\/gospel\/mundo-cristao\/bolsonaro-nomeia-pastor-presbiteriano-para-comissao-de-etica-da-presidencia.html\"><strong>Comiss\u00e3o de \u00c9tica da Presid\u00eancia da Rep\u00fablica<\/strong><\/a>,\ncuja fun\u00e7\u00e3o \u00e9 investigar ministros e servidores do governo. Ribeiro \u00e9 o quarto\nministro da Educa\u00e7\u00e3o do governo Bolsonaro.&nbsp;<\/p>\n\n\n\n<p>Milton Ribeiro foi reitor em\nexerc\u00edcio, vice-reitor e superintendente da p\u00f3s-gradua\u00e7\u00e3o lato sensu na\nUniversidade Presbiteriana Mackenzie. Ele tamb\u00e9m fez parte do conselho\ndeliberativo e da Comiss\u00e3o de \u00c9tica e Compliance do Instituto Presbiteriano\nMackenzie.<\/p>\n\n\n\n<p>Ao comentar a escolha de\nRibeiro para o MEC, a Associa\u00e7\u00e3o Nacional dos Juristas Evang\u00e9licos (Anajure)\ndisse \u00e0 Gazeta do Povo que \u201cpor conhecer o reverendo Milton, e o seu trabalho\nsempre t\u00e9cnico e pautado em valores s\u00f3lidos, entendeu que a indica\u00e7\u00e3o \u00e9 de um\nperfil adequado\u201d.<\/p>\n\n\n\n<p>\u201cSe por um lado \u00e9 um nome\nt\u00e9cnico, por outro \u00e9 uma pessoa de di\u00e1logo. Certamente saber\u00e1 conduzir os rumos\nda educa\u00e7\u00e3o de forma que a diversidade ser\u00e1 respeitada. Outra qualidade de\nRibeiro \u00e9 sua experi\u00eancia administrativa ligada \u00e0 prestigiosa Universidade\nMackenzie\u201d, disse a associa\u00e7\u00e3o.<\/p>\n\n\n\n<p>O deputado Silas C\u00e2mara\n(Republicanos-AM), presidente da Frente Parlamentar Evang\u00e9lica, tem grande\nexpectativa em rela\u00e7\u00e3o a Ribeiro. \u201cTem curr\u00edculo e compet\u00eancia t\u00e9cnica. \u00c9 um\nhomem que tem experi\u00eancia na administra\u00e7\u00e3o p\u00fablica. E \u00e9 um pacificador\u201d, disse\n\u00e0 Gazeta do Povo.<\/p>\n\n\n\n<p>FONTE: GUIAME, LUANA\nNOVAES<\/p>\n","protected":false},"excerpt":{"rendered":"<p>O novo ministro da Educa\u00e7\u00e3o, o pastor &nbsp;Milton Ribeiro, tomou posse como titular da pasta nesta quinta-feira (16). O presidente Jair Bolsonaro participou da cerim\u00f4nia virtualmente, a partir do Pal\u00e1cio da Alvorada. \u201cTenho consci\u00eancia que n\u00e3o iremos solucionar o problema de educa\u00e7\u00e3o no Pa\u00eds. Mas procuraremos sim, com a ajuda de Deus, deixar um legado [&hellip;]<\/p>\n","protected":false},"author":2,"featured_media":6162,"comment_status":"open","ping_status":"open","sticky":false,"template":"","format":"standard","meta":[],"categories":[6,4],"tags":[],"_links":{"self":[{"href":"https:\/\/dgospel.com.br\/portal\/index.php\/wp-json\/wp\/v2\/posts\/6161"}],"collection":[{"href":"https:\/\/dgospel.com.br\/portal\/index.php\/wp-json\/wp\/v2\/posts"}],"about":[{"href":"https:\/\/dgospel.com.br\/portal\/index.php\/wp-json\/wp\/v2\/types\/post"}],"author":[{"embeddable":true,"href":"https:\/\/dgospel.com.br\/portal\/index.php\/wp-json\/wp\/v2\/users\/2"}],"replies":[{"embeddable":true,"href":"https:\/\/dgospel.com.br\/portal\/index.php\/wp-json\/wp\/v2\/comments?post=6161"}],"version-history":[{"count":1,"href":"https:\/\/dgospel.com.br\/portal\/index.php\/wp-json\/wp\/v2\/posts\/6161\/revisions"}],"predecessor-version":[{"id":6163,"href":"https:\/\/dgospel.com.br\/portal\/index.php\/wp-json\/wp\/v2\/posts\/6161\/revisions\/6163"}],"wp:featuredmedia":[{"embeddable":true,"href":"https:\/\/dgospel.com.br\/portal\/index.php\/wp-json\/wp\/v2\/media\/6162"}],"wp:attachment":[{"href":"https:\/\/dgospel.com.br\/portal\/index.php\/wp-json\/wp\/v2\/media?parent=6161"}],"wp:term":[{"taxonomy":"category","embeddable":true,"href":"https:\/\/dgospel.com.br\/portal\/index.php\/wp-json\/wp\/v2\/categories?post=6161"},{"taxonomy":"post_tag","embeddable":true,"href":"https:\/\/dgospel.com.br\/portal\/index.php\/wp-json\/wp\/v2\/tags?post=6161"}],"curies":[{"name":"wp","href":"https:\/\/api.w.org\/{rel}","templated":true}]}}