{"id":6170,"date":"2020-07-17T11:06:47","date_gmt":"2020-07-17T14:06:47","guid":{"rendered":"http:\/\/dgospel.com.br\/portal\/?p=6170"},"modified":"2020-07-18T16:20:14","modified_gmt":"2020-07-18T19:20:14","slug":"umidade-relativa-do-ar-baixou-mais-cedo-no-tocantins-neste-ano-alerta-nucleo-estadual-de-meteorologia-e-recursos-hidricos","status":"publish","type":"post","link":"https:\/\/dgospel.com.br\/portal\/index.php\/2020\/07\/17\/umidade-relativa-do-ar-baixou-mais-cedo-no-tocantins-neste-ano-alerta-nucleo-estadual-de-meteorologia-e-recursos-hidricos\/","title":{"rendered":"Umidade relativa do ar baixou mais cedo no Tocantins neste ano, alerta N\u00facleo Estadual de Meteorologia e Recursos H\u00eddricos"},"content":{"rendered":"\n<p>Os tocantinenses, sobretudo os que moram ao sul do Estado, devem ter notado a queda acentuada da temperatura nas madrugadas. Santa Rosa do Tocantins registrou a m\u00ednima de 14,8 graus na madrugada dessa quinta-feira, 16. Durante o dia a temperatura se mant\u00e9m alta provocando um forte contraste, com noites frias e dias quentes. Um fen\u00f4meno f\u00edsico previs\u00edvel que todo ano se repete, mas que traz preocupa\u00e7\u00e3o.<br><br>O meteorologista do N\u00facleo Estadual de Meteorologia e Recursos H\u00eddricos (Nemet\/RH) da Universidade Estadual do Tocantins (Unitins), Jos\u00e9 Luiz Cabral, ressalta que nesta \u00e9poca do ano as temperaturas m\u00ednimas tendem a cair em fun\u00e7\u00e3o da aus\u00eancia de nebulosidade. Jos\u00e9 Luiz Cabral comenta que as noites n\u00e3o t\u00eam tido nuvens e essa aus\u00eancia provoca perda radiativa. \u201c\u00c9 que durante o dia os raios solares aquecem a superf\u00edcie da terra, o solo e atmosfera, mas durante a noite o sol vai embora, como n\u00e3o tem nuvens n\u00f3s perdemos todo este aquecimento para atmosfera\u201d, explica o meteorologista que tamb\u00e9m \u00e9 professor.<br><br>Jos\u00e9 Luiz Cabral destaca ainda que outra caracter\u00edstica desse ar quente e seco, al\u00e9m de baixar as temperaturas m\u00ednimas com a aus\u00eancia nebulosidade, s\u00e3o os baixos \u00edndices de umidade relativa do ar. Aponta que, de acordo com dados do Nemet\/RH, o Tocantins j\u00e1 registrou \u00edndice de umidade relativa do ar em torno de 20%. Para ele, \u00e9 o in\u00edcio de um per\u00edodo muito cr\u00edtico e o que preocupa \u00e9 que chegou mais cedo que os outros anos. \u201cN\u00f3s temos presenciado esses \u00edndices, em torno de 20%, nos meses de agosto e setembro, mas neste ano, na primeira quinzena de julho, j\u00e1 temos umidade relativa do ar baixa. \u00c9 a sinaliza\u00e7\u00e3o que a massa de ar est\u00e1 quente, seca e que funciona como um bloqueio atmosf\u00e9rico\u201d, ressalta o meteorologista. &nbsp;<br><br>Segundo a Organiza\u00e7\u00e3o Mundial de Sa\u00fade (OMS), um n\u00edvel considerado aceit\u00e1vel de umidade do ar deve estar acima dos 30%. N\u00edveis baixos podem provocar desconforto e favorecer o aparecimento de doen\u00e7as do sistema respirat\u00f3rio.<br><br>O meteorologista avalia que este per\u00edodo de baixas na temperatura e umidade do ar devem se estender at\u00e9 setembro.&nbsp;<a href=\"https:\/\/simeto.unitins.br\/wrf\/\" target=\"_blank\" rel=\"noreferrer noopener\">Veja aqui<\/a>mais&nbsp;dados relacionados \u00e0 previs\u00e3o do tempo no Tocantins.&nbsp;&nbsp;<\/p>\n","protected":false},"excerpt":{"rendered":"<p>Os tocantinenses, sobretudo os que moram ao sul do Estado, devem ter notado a queda acentuada da temperatura nas madrugadas. Santa Rosa do Tocantins registrou a m\u00ednima de 14,8 graus na madrugada dessa quinta-feira, 16. Durante o dia a temperatura se mant\u00e9m alta provocando um forte contraste, com noites frias e dias quentes. Um fen\u00f4meno [&hellip;]<\/p>\n","protected":false},"author":2,"featured_media":6171,"comment_status":"open","ping_status":"open","sticky":false,"template":"","format":"standard","meta":[],"categories":[3],"tags":[13],"_links":{"self":[{"href":"https:\/\/dgospel.com.br\/portal\/index.php\/wp-json\/wp\/v2\/posts\/6170"}],"collection":[{"href":"https:\/\/dgospel.com.br\/portal\/index.php\/wp-json\/wp\/v2\/posts"}],"about":[{"href":"https:\/\/dgospel.com.br\/portal\/index.php\/wp-json\/wp\/v2\/types\/post"}],"author":[{"embeddable":true,"href":"https:\/\/dgospel.com.br\/portal\/index.php\/wp-json\/wp\/v2\/users\/2"}],"replies":[{"embeddable":true,"href":"https:\/\/dgospel.com.br\/portal\/index.php\/wp-json\/wp\/v2\/comments?post=6170"}],"version-history":[{"count":1,"href":"https:\/\/dgospel.com.br\/portal\/index.php\/wp-json\/wp\/v2\/posts\/6170\/revisions"}],"predecessor-version":[{"id":6172,"href":"https:\/\/dgospel.com.br\/portal\/index.php\/wp-json\/wp\/v2\/posts\/6170\/revisions\/6172"}],"wp:featuredmedia":[{"embeddable":true,"href":"https:\/\/dgospel.com.br\/portal\/index.php\/wp-json\/wp\/v2\/media\/6171"}],"wp:attachment":[{"href":"https:\/\/dgospel.com.br\/portal\/index.php\/wp-json\/wp\/v2\/media?parent=6170"}],"wp:term":[{"taxonomy":"category","embeddable":true,"href":"https:\/\/dgospel.com.br\/portal\/index.php\/wp-json\/wp\/v2\/categories?post=6170"},{"taxonomy":"post_tag","embeddable":true,"href":"https:\/\/dgospel.com.br\/portal\/index.php\/wp-json\/wp\/v2\/tags?post=6170"}],"curies":[{"name":"wp","href":"https:\/\/api.w.org\/{rel}","templated":true}]}}