{"id":6179,"date":"2020-07-22T15:54:56","date_gmt":"2020-07-22T18:54:56","guid":{"rendered":"http:\/\/dgospel.com.br\/portal\/?p=6179"},"modified":"2020-07-22T16:29:13","modified_gmt":"2020-07-22T19:29:13","slug":"wanderlei-barbosa-destaca-acoes-do-governo-do-tocantins-na-area-ambiental-em-videoconferencia-com-vice-presidente-hamilton-mourao","status":"publish","type":"post","link":"https:\/\/dgospel.com.br\/portal\/index.php\/2020\/07\/22\/wanderlei-barbosa-destaca-acoes-do-governo-do-tocantins-na-area-ambiental-em-videoconferencia-com-vice-presidente-hamilton-mourao\/","title":{"rendered":"Wanderlei Barbosa destaca a\u00e7\u00f5es do Governo do Tocantins na \u00e1rea ambiental em videoconfer\u00eancia com vice-presidente Hamilton Mour\u00e3o"},"content":{"rendered":"\n<p>O vice-governador do Estado do Tocantins, Wanderlei Barbosa, participou na tarde desta ter\u00e7a-feira, 21, de uma reuni\u00e3o por v\u00eddeo confer\u00eancia presidida pelo vice-presidente da Rep\u00fablica e presidente do Conselho Nacional da Amaz\u00f4nia Legal (CNAL), Hamilton Mour\u00e3o, com governadores da regi\u00e3o. O objetivo foi discutir a\u00e7\u00f5es de prote\u00e7\u00e3o ao meio ambiente, principalmente as queimadas, em virtude da estiagem que atinge a regi\u00e3o Amaz\u00f4nica neste per\u00edodo do ano.<\/p>\n\n\n\n<p>Na oportunidade o vice-governador tocantinense explicou que o Governo do Tocantins est\u00e1 trabalhando de maneira integrada com todos os organismos estaduais e que j\u00e1 encaminhou documento \u00e0 Presid\u00eancia da Rep\u00fablica e ao Minist\u00e9rio da Defesa solicitando refor\u00e7o para o Ex\u00e9rcito e todas as for\u00e7as federais para ajudar no combate \u00e0s queimadas no Estado. Wanderlei sustentou que as a\u00e7\u00f5es do Governo resultaram em uma redu\u00e7\u00e3o em torno de 15% das queimadas e de 40% de desmatamento no bioma cerrado com rela\u00e7\u00e3o ao mesmo per\u00edodo do ano passado.<\/p>\n\n\n\n<p>\u201cEstamos sendo rigorosos neste aspecto. N\u00e3o \u00e9 apenas reduzindo desmatamento, \u00e9 n\u00e3o deixar acontecer de maneira ilegal. Desmatamento no Tocantins, a orienta\u00e7\u00e3o do Governo do Estado \u00e9 no sentido de fazer com que seja realizado com acompanhamento do Naturatins, que \u00e9 o nosso \u00f3rg\u00e3o ambiental de controle\u201d, ressaltou Wanderlei Barbosa, lembrando que o apoio do governo federal \u00e9 fundamental para o \u00eaxito das a\u00e7\u00f5es de preserva\u00e7\u00e3o e combate \u00e0s queimadas.<\/p>\n\n\n\n<p>O vice-presidente Hamilton Mour\u00e3o, sinalizou que o governo estuda fortalecer os \u00f3rg\u00e3os federais de controle ambiental, para que possa liberar os militares das For\u00e7as Armadas de a\u00e7\u00f5es de combate ao desmatamento e inc\u00eandios, bem como, outros crimes ambientais. \u201cEstamos trabalhando no planejamento do fortalecimento dos \u00f3rg\u00e3os de combate aos delitos ambientais; para recuperar a capacidade operacional do (Ibama)Instituto Brasileiro do Meio Ambiente e dos Recursos Naturais Renov\u00e1veis], do ICMBio (Instituto Chico Mendes de Conserva\u00e7\u00e3o da Biodiversidade). E tamb\u00e9m do Incra (Instituto Nacional de Coloniza\u00e7\u00e3o e Reforma Agr\u00e1ria) e da Funai (Funda\u00e7\u00e3o Nacional do \u00cdndio)\u201d.<\/p>\n\n\n\n<p>Al\u00e9m do vice-governador Wanderlei Barbosa, participaram da v\u00eddeo-reuni\u00e3o os governadores do Amap\u00e1, Waldez G\u00f3es; do Acre, Gladson Cameli; do Maranh\u00e3o, Fl\u00e1vio Dino; do Mato Grosso, Mauro Mendes; do Par\u00e1, Helder Barbalho; de Rond\u00f4nia, Marcos Rocha, de Roraima, Ant\u00f4nio Denarium; e do Amazonas, Wilson Lima.<\/p>\n","protected":false},"excerpt":{"rendered":"<p>O vice-governador do Estado do Tocantins, Wanderlei Barbosa, participou na tarde desta ter\u00e7a-feira, 21, de uma reuni\u00e3o por v\u00eddeo confer\u00eancia presidida pelo vice-presidente da Rep\u00fablica e presidente do Conselho Nacional da Amaz\u00f4nia Legal (CNAL), Hamilton Mour\u00e3o, com governadores da regi\u00e3o. O objetivo foi discutir a\u00e7\u00f5es de prote\u00e7\u00e3o ao meio ambiente, principalmente as queimadas, em virtude [&hellip;]<\/p>\n","protected":false},"author":2,"featured_media":6180,"comment_status":"open","ping_status":"open","sticky":false,"template":"","format":"standard","meta":[],"categories":[4],"tags":[13],"_links":{"self":[{"href":"https:\/\/dgospel.com.br\/portal\/index.php\/wp-json\/wp\/v2\/posts\/6179"}],"collection":[{"href":"https:\/\/dgospel.com.br\/portal\/index.php\/wp-json\/wp\/v2\/posts"}],"about":[{"href":"https:\/\/dgospel.com.br\/portal\/index.php\/wp-json\/wp\/v2\/types\/post"}],"author":[{"embeddable":true,"href":"https:\/\/dgospel.com.br\/portal\/index.php\/wp-json\/wp\/v2\/users\/2"}],"replies":[{"embeddable":true,"href":"https:\/\/dgospel.com.br\/portal\/index.php\/wp-json\/wp\/v2\/comments?post=6179"}],"version-history":[{"count":1,"href":"https:\/\/dgospel.com.br\/portal\/index.php\/wp-json\/wp\/v2\/posts\/6179\/revisions"}],"predecessor-version":[{"id":6187,"href":"https:\/\/dgospel.com.br\/portal\/index.php\/wp-json\/wp\/v2\/posts\/6179\/revisions\/6187"}],"wp:featuredmedia":[{"embeddable":true,"href":"https:\/\/dgospel.com.br\/portal\/index.php\/wp-json\/wp\/v2\/media\/6180"}],"wp:attachment":[{"href":"https:\/\/dgospel.com.br\/portal\/index.php\/wp-json\/wp\/v2\/media?parent=6179"}],"wp:term":[{"taxonomy":"category","embeddable":true,"href":"https:\/\/dgospel.com.br\/portal\/index.php\/wp-json\/wp\/v2\/categories?post=6179"},{"taxonomy":"post_tag","embeddable":true,"href":"https:\/\/dgospel.com.br\/portal\/index.php\/wp-json\/wp\/v2\/tags?post=6179"}],"curies":[{"name":"wp","href":"https:\/\/api.w.org\/{rel}","templated":true}]}}