{"id":6184,"date":"2020-07-22T15:50:40","date_gmt":"2020-07-22T18:50:40","guid":{"rendered":"http:\/\/dgospel.com.br\/portal\/?p=6184"},"modified":"2020-07-22T16:29:55","modified_gmt":"2020-07-22T19:29:55","slug":"governo-do-tocantins-inicia-nova-fase-da-operacao-lockdown-do-sistema-penitenciario","status":"publish","type":"post","link":"https:\/\/dgospel.com.br\/portal\/index.php\/2020\/07\/22\/governo-do-tocantins-inicia-nova-fase-da-operacao-lockdown-do-sistema-penitenciario\/","title":{"rendered":"Governo do Tocantins inicia nova fase da Opera\u00e7\u00e3o Lockdown do Sistema Penitenci\u00e1rio"},"content":{"rendered":"\n<p>O Governo do Tocantins, por meio da&nbsp;Superintend\u00eancia de Administra\u00e7\u00e3o dos Sistemas Penitenci\u00e1rio e Prisional da Secretaria de Estado da Cidadania e Justi\u00e7a (Seciju), iniciou nessa ter\u00e7a-feira, 21,&nbsp;a 6\u00aa&nbsp;fase da&nbsp;Opera\u00e7\u00e3o Lockdown, que tem o objetivo de limitar o recebimento de novos presos a&nbsp;algumas unidades prisionais durante a pandemia da Covid-19 e assim evitar a prolifera\u00e7\u00e3o do novo Coronav\u00edrus entre a popula\u00e7\u00e3o carcer\u00e1ria.&nbsp;<\/p>\n\n\n\n<p>A 6\u00aa&nbsp;fase da opera\u00e7\u00e3o ter\u00e1 dura\u00e7\u00e3o de 30 dias e ser\u00e1 finalizada dia 19 de agosto. \u201cAumentamos o tempo de cada fase da opera\u00e7\u00e3o&nbsp;ap\u00f3s verificarmos que um prazo maior garantir\u00e1 uma avalia\u00e7\u00e3o mais adequada das unidades prisionais no que tange estarem aptas a receber novos presos&nbsp;e&nbsp;tamb\u00e9m verificamos que a sele\u00e7\u00e3o das unidades variou pouco ao longo da pandemia da Covid-19\u201d, explica&nbsp;o superintendente de Administra\u00e7\u00e3o dos Sistemas Penitenci\u00e1rio e Prisional da Seciju, Orleanes Souza.<\/p>\n\n\n\n<p>Nesta fase, 16 estabelecimentos penais foram selecionados. As unidades que est\u00e3o recebendo novos presos s\u00e3o as&nbsp;situadas nos munic\u00edpos de&nbsp;Araguatins, Aragua\u00edna, Baba\u00e7ul\u00e2ndia, Tocantin\u00f3polis, Colmeia, Araguacema, Pedro Afonso, Palmas, Lajeado, Para\u00edso do Tocantins, Miracema, Porto Nacional, Talism\u00e3, Gurupi, Dian\u00f3polis e Arraias.<\/p>\n\n\n\n<p>O superintendente&nbsp;Orleanes Souza frisa que, durante a 5\u00aa&nbsp;fase da opera\u00e7\u00e3o&nbsp;realizada no per\u00edodo de&nbsp;6 a 20 de julho, o Sistema recebeu 162 novos presos. A unidade que mais recebeu ingressos foi a Cadeia P\u00fablica de Miracema, com 32 novos presos;&nbsp;seguida pelas&nbsp;Casas de Pris\u00e3o Provis\u00f3ria de Aragua\u00edna e de Dian\u00f3polis, com 25 ingressos em cada delas.<\/p>\n\n\n\n<p>Orleanes Souza&nbsp;explica&nbsp;ainda que a limita\u00e7\u00e3o de unidades para receber novos presos&nbsp;respeita a regionaliza\u00e7\u00e3o operacional e administrativa, ofertando o ingresso em cadeias ou casas prisionais nas cinco regi\u00f5es estrat\u00e9gicas, conforme orienta\u00e7\u00f5es do Plano Estadual de Seguran\u00e7a P\u00fablica (Pesse).<\/p>\n","protected":false},"excerpt":{"rendered":"<p>O Governo do Tocantins, por meio da&nbsp;Superintend\u00eancia de Administra\u00e7\u00e3o dos Sistemas Penitenci\u00e1rio e Prisional da Secretaria de Estado da Cidadania e Justi\u00e7a (Seciju), iniciou nessa ter\u00e7a-feira, 21,&nbsp;a 6\u00aa&nbsp;fase da&nbsp;Opera\u00e7\u00e3o Lockdown, que tem o objetivo de limitar o recebimento de novos presos a&nbsp;algumas unidades prisionais durante a pandemia da Covid-19 e assim evitar a prolifera\u00e7\u00e3o do [&hellip;]<\/p>\n","protected":false},"author":2,"featured_media":6185,"comment_status":"open","ping_status":"open","sticky":false,"template":"","format":"standard","meta":[],"categories":[3],"tags":[13],"_links":{"self":[{"href":"https:\/\/dgospel.com.br\/portal\/index.php\/wp-json\/wp\/v2\/posts\/6184"}],"collection":[{"href":"https:\/\/dgospel.com.br\/portal\/index.php\/wp-json\/wp\/v2\/posts"}],"about":[{"href":"https:\/\/dgospel.com.br\/portal\/index.php\/wp-json\/wp\/v2\/types\/post"}],"author":[{"embeddable":true,"href":"https:\/\/dgospel.com.br\/portal\/index.php\/wp-json\/wp\/v2\/users\/2"}],"replies":[{"embeddable":true,"href":"https:\/\/dgospel.com.br\/portal\/index.php\/wp-json\/wp\/v2\/comments?post=6184"}],"version-history":[{"count":1,"href":"https:\/\/dgospel.com.br\/portal\/index.php\/wp-json\/wp\/v2\/posts\/6184\/revisions"}],"predecessor-version":[{"id":6186,"href":"https:\/\/dgospel.com.br\/portal\/index.php\/wp-json\/wp\/v2\/posts\/6184\/revisions\/6186"}],"wp:featuredmedia":[{"embeddable":true,"href":"https:\/\/dgospel.com.br\/portal\/index.php\/wp-json\/wp\/v2\/media\/6185"}],"wp:attachment":[{"href":"https:\/\/dgospel.com.br\/portal\/index.php\/wp-json\/wp\/v2\/media?parent=6184"}],"wp:term":[{"taxonomy":"category","embeddable":true,"href":"https:\/\/dgospel.com.br\/portal\/index.php\/wp-json\/wp\/v2\/categories?post=6184"},{"taxonomy":"post_tag","embeddable":true,"href":"https:\/\/dgospel.com.br\/portal\/index.php\/wp-json\/wp\/v2\/tags?post=6184"}],"curies":[{"name":"wp","href":"https:\/\/api.w.org\/{rel}","templated":true}]}}