{"id":6188,"date":"2020-07-22T16:07:26","date_gmt":"2020-07-22T19:07:26","guid":{"rendered":"http:\/\/dgospel.com.br\/portal\/?p=6188"},"modified":"2020-07-22T16:28:08","modified_gmt":"2020-07-22T19:28:08","slug":"pazuello-diz-que-fabricacao-da-vacina-deve-iniciar-ate-janeiro-de-2021","status":"publish","type":"post","link":"https:\/\/dgospel.com.br\/portal\/index.php\/2020\/07\/22\/pazuello-diz-que-fabricacao-da-vacina-deve-iniciar-ate-janeiro-de-2021\/","title":{"rendered":"Pazuello diz que fabrica\u00e7\u00e3o da vacina deve iniciar at\u00e9 janeiro de 2021"},"content":{"rendered":"\n<p>O ministro interino da Sa\u00fade, general Eduardo Pazuello, afirmou que a previs\u00e3o para o in\u00edcio da fabrica\u00e7\u00e3o da vacina contra a Covid-19 no Brasil \u00e9 at\u00e9 janeiro de 2021. A declara\u00e7\u00e3o foi feita durante entrevista coletiva concedida por ele no Rio Grande do Sul.<\/p>\n\n\n\n<p>Pazuello declarou que o Minist\u00e9rio da Sa\u00fade discute como deve acontecer a transfer\u00eancia de recursos para a produ\u00e7\u00e3o da vacina. O governo j\u00e1 acertou um protocolo de inten\u00e7\u00f5es para a vacina desenvolvida pela Universidade de Oxford em parceria com a AstraZeneca que prev\u00ea a disponibiliza\u00e7\u00e3o de 30 milh\u00f5es de doses at\u00e9 o fim do ano.<\/p>\n\n\n\n<p>\u2013 Essa contrata\u00e7\u00e3o prev\u00ea a transfer\u00eancia de tecnologia e o recebimento do insumo. A previs\u00e3o \u00e9 de que em dezembro\/janeiro j\u00e1 estejamos fabricando a vacina \u2013 disse.<\/p>\n\n\n\n<p>Na entrevista, o ministro tamb\u00e9m citou outras duas vacinas promissoras que est\u00e3o sendo testadas no Brasil. Sobre a vacina em desenvolvimento pela SinoVac Biotech, Pazuello reiterou que o trabalho \u00e9 feito por S\u00e3o Paulo, atrav\u00e9s do Instituto Butantan.<\/p>\n\n\n\n<p>J\u00e1 sobre as negocia\u00e7\u00f5es com a empresa Moderna, dos Estados Unidos, Pazuello explicou que se trata de um outro tipo de vacina, com uma tecnologia de fabrica\u00e7\u00e3o que n\u00e3o \u00e9 dominada no Brasil, a partir do RNA da mol\u00e9cula do v\u00edrus.<\/p>\n\n\n\n<p>\u2013 Nesse caso estamos pactuando a possibilidade de compra com prioridade \u2013 explicou.<\/p>\n\n\n\n<p>Tanto a vacina desenvolvida por Oxford quanto a da SinoVac j\u00e1 est\u00e3o sendo testadas em volunt\u00e1rios em ensaios cl\u00ednicos de Fase 3, o \u00faltimo antes do registro da vacina junto a autoridades regulat\u00f3rias. A distribui\u00e7\u00e3o das doses, conforme Pazuello, deve seguir a forma de log\u00edstica que \u00e9 feita pelo Minist\u00e9rio da Sa\u00fade com a vacina da gripe.<\/p>\n","protected":false},"excerpt":{"rendered":"<p>O ministro interino da Sa\u00fade, general Eduardo Pazuello, afirmou que a previs\u00e3o para o in\u00edcio da fabrica\u00e7\u00e3o da vacina contra a Covid-19 no Brasil \u00e9 at\u00e9 janeiro de 2021. A declara\u00e7\u00e3o foi feita durante entrevista coletiva concedida por ele no Rio Grande do Sul. Pazuello declarou que o Minist\u00e9rio da Sa\u00fade discute como deve acontecer [&hellip;]<\/p>\n","protected":false},"author":2,"featured_media":6189,"comment_status":"open","ping_status":"open","sticky":false,"template":"","format":"standard","meta":[],"categories":[2,6,4],"tags":[13],"_links":{"self":[{"href":"https:\/\/dgospel.com.br\/portal\/index.php\/wp-json\/wp\/v2\/posts\/6188"}],"collection":[{"href":"https:\/\/dgospel.com.br\/portal\/index.php\/wp-json\/wp\/v2\/posts"}],"about":[{"href":"https:\/\/dgospel.com.br\/portal\/index.php\/wp-json\/wp\/v2\/types\/post"}],"author":[{"embeddable":true,"href":"https:\/\/dgospel.com.br\/portal\/index.php\/wp-json\/wp\/v2\/users\/2"}],"replies":[{"embeddable":true,"href":"https:\/\/dgospel.com.br\/portal\/index.php\/wp-json\/wp\/v2\/comments?post=6188"}],"version-history":[{"count":1,"href":"https:\/\/dgospel.com.br\/portal\/index.php\/wp-json\/wp\/v2\/posts\/6188\/revisions"}],"predecessor-version":[{"id":6190,"href":"https:\/\/dgospel.com.br\/portal\/index.php\/wp-json\/wp\/v2\/posts\/6188\/revisions\/6190"}],"wp:featuredmedia":[{"embeddable":true,"href":"https:\/\/dgospel.com.br\/portal\/index.php\/wp-json\/wp\/v2\/media\/6189"}],"wp:attachment":[{"href":"https:\/\/dgospel.com.br\/portal\/index.php\/wp-json\/wp\/v2\/media?parent=6188"}],"wp:term":[{"taxonomy":"category","embeddable":true,"href":"https:\/\/dgospel.com.br\/portal\/index.php\/wp-json\/wp\/v2\/categories?post=6188"},{"taxonomy":"post_tag","embeddable":true,"href":"https:\/\/dgospel.com.br\/portal\/index.php\/wp-json\/wp\/v2\/tags?post=6188"}],"curies":[{"name":"wp","href":"https:\/\/api.w.org\/{rel}","templated":true}]}}