{"id":619,"date":"2018-06-25T00:51:30","date_gmt":"2018-06-25T03:51:30","guid":{"rendered":"http:\/\/dgospel.com.br\/portal\/?p=619"},"modified":"2018-06-25T00:51:30","modified_gmt":"2018-06-25T03:51:30","slug":"com-75-dos-votos-validos-mauro-carlesse-e-eleito-governador-do-tocantins-para-o-mandato-tampao","status":"publish","type":"post","link":"https:\/\/dgospel.com.br\/portal\/index.php\/2018\/06\/25\/com-75-dos-votos-validos-mauro-carlesse-e-eleito-governador-do-tocantins-para-o-mandato-tampao\/","title":{"rendered":"Com 75% dos votos v\u00e1lidos Mauro Carlesse \u00e9 eleito governador do Tocantins para o mandato-tamp\u00e3o"},"content":{"rendered":"<p>O interino Mauro Carlesse (PHS) permanecer\u00e1 \u00e0 frente do Pal\u00e1cio Araguaia at\u00e9 31 de dezembro. O candidato da coliga\u00e7\u00e3o \u201cGoverno de Atitude\u201d venceu com larga vantagem o senador Vicentinho Alves (PR), do grupo \u201cA Vez dos Tocantinenses\u201d: 368.553 votos para o gestor humanista (75,14% dos v\u00e1lidos), contra 121.908 votos para o parlamentar republicano (24,86% dos v\u00e1lidos). A apura\u00e7\u00e3o foi encerrada \u00e0s 19 horas e 17 minutos.<\/p>\n<p>Ao contr\u00e1rio do primeiro turno, quando somou a maioria dos eleitores (306.877), as absten\u00e7\u00f5es cresceram (355.032), mas foram menores do que a vota\u00e7\u00e3o do governador eleito, que no dia 3 de junho tinha conseguido 174.275 votos. Os votos nulos tamb\u00e9m cresceram, de 121.877 para 155.627 neste domingo, 24.<\/p>\n<p>Presidente da Assembleia Legislativa, Mauro Carlesse est\u00e1 a frente do Executivo desde a cassa\u00e7\u00e3o dos diplomas de governador de Marcelo Miranda (MDB) e de vice-governadora de Cl\u00e1udia Lelis (PV) por uso de caixa 2 nas elei\u00e7\u00f5es de 2014 em um total de R$ 1,5 milh\u00e3o. Decretada a elei\u00e7\u00e3o suplementar,\u00a0<a href=\"https:\/\/clebertoledo.com.br\/politica\/com-4-federais-10-estaduais-e-7-partidos-carlesse-e-candidato-aliados-defendem-escolha-pela-estabilidade-do-to\/\">o interino lan\u00e7ou-se candidato em um palanque de peso<\/a>, com direito a presen\u00e7a do ex-governador Siqueira Campos (DEM), de quatro deputados federais e 10 estaduais.<\/p>\n<p>O mote da campanha de Mauro Carlesse foi a \u201cestabilidade\u201d. Para o interino e agora governador eleito, permanecer \u00e0 frente do Pal\u00e1cio Araguaia seria a solu\u00e7\u00e3o para garantir a \u201cseguran\u00e7a jur\u00eddica\u201d do Tocantins.\u00a0<a href=\"https:\/\/clebertoledo.com.br\/politica\/apos-apuracao-cabeca-cabeca-carlesse-e-vicentinho-vao-protagonizar-2o-turno-da-eleicao-suplementar\/\">O discurso lhe garantiu a primeira posi\u00e7\u00e3o no primeiro turno da suplementar com 30,31% dos votos v\u00e1lidos<\/a>. Al\u00e9m de Vicentinho Alves, o humanista derrotou Carlos Amastha (PSB), K\u00e1tia Abreu (PDT), M\u00e1rlon Reis (Rede), M\u00e1rio L\u00facio Avelar (Psol) e Marcos Souza (PRTB).<\/p>\n<p>Carlesse manteve a estrat\u00e9gia e o discurso para o segundo turno, mas enfrentou uma campanha agressiva de Vicentinho Alves, que chegou a ter propagandas suspensas por terem se limitado a cr\u00edticas ao interino ao inv\u00e9s de propostas.\u00a0<a href=\"https:\/\/clebertoledo.com.br\/politica\/operacao-da-pf-e-resultado-de-acao-de-vicentinho-que-acusa-carlesse-de-usar-orgaos-do-estado-para-promover-candidatura\/\">O senador tamb\u00e9m foi respons\u00e1vel por uma A\u00e7\u00e3o de Investiga\u00e7\u00e3o Judicial Eleitoral (Aije) que resultou em opera\u00e7\u00e3o da Pol\u00edcia Federal<\/a>. A corpora\u00e7\u00e3o visitou o Pal\u00e1cio Araguaia e \u00f3rg\u00e3os estaduais por duas vezes para averiguar poss\u00edvel uso da m\u00e1quina p\u00fablica para beneficiar o gestor humanista.<\/p>\n<p>As intensas investidas de Vicentinho Alves e a repercuss\u00e3o negativa por n\u00e3o ter comparecido a nenhum debate n\u00e3o foi o suficiente para tirar a vit\u00f3ria de Mauro Carlesse. Eleito, o humanista deve ser diplomado at\u00e9 o dia 9 de julho,\u00a0<a href=\"https:\/\/compilada.tre-to.jus.br\/res\/2018\/RES004052018.html\">conforme prev\u00ea calend\u00e1rio da Justi\u00e7a Eleitoral<\/a>. No Pal\u00e1cio Araguaia, o pol\u00edtico dever\u00e1 se dividir entre a pr\u00f3pria administra\u00e7\u00e3o e as articula\u00e7\u00f5es para a elei\u00e7\u00e3o de outubro, da qual j\u00e1 \u00e9 naturalmente pr\u00e9-candidato.<\/p>\n<p>Absten\u00e7\u00f5es e votos inv\u00e1lidos<br \/>\nAssim como no primeiro, o segundo turno da elei\u00e7\u00e3o suplementar tocantinense foi marcada pelo alt\u00edssimo n\u00famero de absten\u00e7\u00f5es, de votos nulos e brancos. A aus\u00eancia do eleitorado quase chegou no n\u00famero de votos recebidos por Carlesse: 355.032 pessoas deixaram de ir \u00e0s urnas neste domingo [34,86% do total de eleitores]. Houve tamb\u00e9m quem compareceu, mas protestou. 17.209 pessoas votaram em branco (2,59%) e 155.627 anularam o voto (23,46). Ao todo, o \u201cn\u00e3o voto\u201d conquistou 60,91% do eleitorado tocantinense.<\/p>\n<p><strong>Perfil do governador eleito Mauro Carlesse:<\/strong><\/p>\n<p>Mauro Carlesse nasceu no munic\u00edpio de Terra Boa, Paran\u00e1, 25 de junho de 1960. No Tocantins, ocupou-se como empres\u00e1rio e agropecuarista. Iniciou a carreira pol\u00edtica ao se filiar ao Partido Verde (PV) em 2011, quando j\u00e1 exercia a presid\u00eancia do Sindicato Rural de Gurupi. Ele foi candidato a prefeito daquela cidade nas elei\u00e7\u00f5es de 2012. Em 2013, filiou-se ao Partido Trabalhista Brasileiro (PTB) e candidatou-se a deputado estadual em 2014, conquistando uma vaga para a 8\u00aa Legislatura. Atualmente \u00e9 filiado ao Partido Humanista da Solidariedade. No dia 08 de julho de 2016 foi eleito presidente da Assembleia Legislativa para o bi\u00eanio que termina em 2019, mas acabou assumindo o governo interinamente ap\u00f3s a cassa\u00e7\u00e3o de Marcelo Miranda (MDB) e Cl\u00e1udia Lelis (PV), e agora eleito para o mandato tamp\u00e3o que termina no dia 31 de dezembro deste ano.<\/p>\n<p>&nbsp;<\/p>\n<p>Fonte:\u00a0clebertoledo<\/p>\n","protected":false},"excerpt":{"rendered":"<p>O interino Mauro Carlesse (PHS) permanecer\u00e1 \u00e0 frente do Pal\u00e1cio Araguaia at\u00e9 31 de dezembro. O candidato da coliga\u00e7\u00e3o \u201cGoverno de Atitude\u201d venceu com larga vantagem o senador Vicentinho Alves (PR), do grupo \u201cA Vez dos Tocantinenses\u201d: 368.553 votos para o gestor humanista (75,14% dos v\u00e1lidos), contra 121.908 votos para o parlamentar republicano (24,86% dos [&hellip;]<\/p>\n","protected":false},"author":2,"featured_media":620,"comment_status":"open","ping_status":"open","sticky":false,"template":"","format":"standard","meta":[],"categories":[2,4],"tags":[],"_links":{"self":[{"href":"https:\/\/dgospel.com.br\/portal\/index.php\/wp-json\/wp\/v2\/posts\/619"}],"collection":[{"href":"https:\/\/dgospel.com.br\/portal\/index.php\/wp-json\/wp\/v2\/posts"}],"about":[{"href":"https:\/\/dgospel.com.br\/portal\/index.php\/wp-json\/wp\/v2\/types\/post"}],"author":[{"embeddable":true,"href":"https:\/\/dgospel.com.br\/portal\/index.php\/wp-json\/wp\/v2\/users\/2"}],"replies":[{"embeddable":true,"href":"https:\/\/dgospel.com.br\/portal\/index.php\/wp-json\/wp\/v2\/comments?post=619"}],"version-history":[{"count":1,"href":"https:\/\/dgospel.com.br\/portal\/index.php\/wp-json\/wp\/v2\/posts\/619\/revisions"}],"predecessor-version":[{"id":621,"href":"https:\/\/dgospel.com.br\/portal\/index.php\/wp-json\/wp\/v2\/posts\/619\/revisions\/621"}],"wp:featuredmedia":[{"embeddable":true,"href":"https:\/\/dgospel.com.br\/portal\/index.php\/wp-json\/wp\/v2\/media\/620"}],"wp:attachment":[{"href":"https:\/\/dgospel.com.br\/portal\/index.php\/wp-json\/wp\/v2\/media?parent=619"}],"wp:term":[{"taxonomy":"category","embeddable":true,"href":"https:\/\/dgospel.com.br\/portal\/index.php\/wp-json\/wp\/v2\/categories?post=619"},{"taxonomy":"post_tag","embeddable":true,"href":"https:\/\/dgospel.com.br\/portal\/index.php\/wp-json\/wp\/v2\/tags?post=619"}],"curies":[{"name":"wp","href":"https:\/\/api.w.org\/{rel}","templated":true}]}}