{"id":6193,"date":"2020-07-22T16:17:41","date_gmt":"2020-07-22T19:17:41","guid":{"rendered":"http:\/\/dgospel.com.br\/portal\/?p=6193"},"modified":"2020-07-22T16:17:43","modified_gmt":"2020-07-22T19:17:43","slug":"kleber-lucas-lanca-segunda-parte-do-projeto-m-o-s-a-i-c-o","status":"publish","type":"post","link":"https:\/\/dgospel.com.br\/portal\/index.php\/2020\/07\/22\/kleber-lucas-lanca-segunda-parte-do-projeto-m-o-s-a-i-c-o\/","title":{"rendered":"Kleber Lucas lan\u00e7a segunda parte do projeto M.O.S.A.I.C.O."},"content":{"rendered":"\n<p> O cantor e pastor Kleber Lucas lan\u00e7ou, nesta ter\u00e7a-feira (21), o segundo volume do projeto M.O.S.A.I.C.O. pela MK Music. Com cinco faixas, o EP d\u00e1 continuidade\u00a0<a href=\"https:\/\/pleno.news\/entretenimento\/musica\/kleber-lucas-lanca-volume-1-do-projeto-m-o-s-a-i-c-o.html\">ao projeto lan\u00e7ado em novembro do ano passado<\/a>. <\/p>\n\n\n\n<p>Juntamente com o\u00a0<a rel=\"noreferrer noopener\" href=\"http:\/\/mkmusic.mk\/KleberLucas-EPMosaico207\" target=\"_blank\">lan\u00e7amento nas plataformas digitais<\/a>, Kleber tamb\u00e9m disponibilizou o clipe da can\u00e7\u00e3o Teu Governo no canal da gravadora no YouTube. O cantor define a m\u00fasica como um \u201cdi\u00e1logo geracional\u201d escrito em parceria com Guilherme Kerr, ex-integrante do Vencedores por Cristo, e C\u00e1ssio Coutinho, m\u00fasico da banda Casa Aberta. <\/p>\n\n\n\n<figure class=\"wp-block-embed-youtube wp-block-embed is-type-video is-provider-youtube wp-embed-aspect-16-9 wp-has-aspect-ratio\"><div class=\"wp-block-embed__wrapper\">\n<iframe loading=\"lazy\" title=\"Kleber Lucas - Teu Governo (Clipe Oficial MK Music)\" width=\"630\" height=\"354\" src=\"https:\/\/www.youtube.com\/embed\/-tXr_LoAFqE?feature=oembed\" frameborder=\"0\" allow=\"accelerometer; autoplay; encrypted-media; gyroscope; picture-in-picture\" allowfullscreen><\/iframe>\n<\/div><\/figure>\n\n\n\n<p>Kleber Lucas aproveitou para homenagear o estado de Minas Gerais na faixa Minas. A can\u00e7\u00e3o nasceu durante uma das viagens do pastor da Igreja Batista Soul pela regi\u00e3o.<\/p>\n\n\n\n<p>\u2013 Peguei uma estrada e fiquei pensando como sempre passo por Minas e ela est\u00e1 sempre na minha trajet\u00f3ria. Um trecho diz \u201cMinha estrada, meu caminho, minha rota, meu destino \/ Eu te encontro sempre em Minas \/ Uma sabi\u00e1 voou e cantou: Tudo que t\u00eam folego louve ao Senhor\u201d. \u00c9 uma cantiga linda com uma homenagem a Minas com um som bem regional e de louva\u00e7\u00e3o ao Senhor,<\/p>\n","protected":false},"excerpt":{"rendered":"<p>O cantor e pastor Kleber Lucas lan\u00e7ou, nesta ter\u00e7a-feira (21), o segundo volume do projeto M.O.S.A.I.C.O. pela MK Music. Com cinco faixas, o EP d\u00e1 continuidade\u00a0ao projeto lan\u00e7ado em novembro do ano passado. Juntamente com o\u00a0lan\u00e7amento nas plataformas digitais, Kleber tamb\u00e9m disponibilizou o clipe da can\u00e7\u00e3o Teu Governo no canal da gravadora no YouTube. O [&hellip;]<\/p>\n","protected":false},"author":2,"featured_media":6194,"comment_status":"open","ping_status":"open","sticky":false,"template":"","format":"standard","meta":[],"categories":[17],"tags":[],"_links":{"self":[{"href":"https:\/\/dgospel.com.br\/portal\/index.php\/wp-json\/wp\/v2\/posts\/6193"}],"collection":[{"href":"https:\/\/dgospel.com.br\/portal\/index.php\/wp-json\/wp\/v2\/posts"}],"about":[{"href":"https:\/\/dgospel.com.br\/portal\/index.php\/wp-json\/wp\/v2\/types\/post"}],"author":[{"embeddable":true,"href":"https:\/\/dgospel.com.br\/portal\/index.php\/wp-json\/wp\/v2\/users\/2"}],"replies":[{"embeddable":true,"href":"https:\/\/dgospel.com.br\/portal\/index.php\/wp-json\/wp\/v2\/comments?post=6193"}],"version-history":[{"count":1,"href":"https:\/\/dgospel.com.br\/portal\/index.php\/wp-json\/wp\/v2\/posts\/6193\/revisions"}],"predecessor-version":[{"id":6195,"href":"https:\/\/dgospel.com.br\/portal\/index.php\/wp-json\/wp\/v2\/posts\/6193\/revisions\/6195"}],"wp:featuredmedia":[{"embeddable":true,"href":"https:\/\/dgospel.com.br\/portal\/index.php\/wp-json\/wp\/v2\/media\/6194"}],"wp:attachment":[{"href":"https:\/\/dgospel.com.br\/portal\/index.php\/wp-json\/wp\/v2\/media?parent=6193"}],"wp:term":[{"taxonomy":"category","embeddable":true,"href":"https:\/\/dgospel.com.br\/portal\/index.php\/wp-json\/wp\/v2\/categories?post=6193"},{"taxonomy":"post_tag","embeddable":true,"href":"https:\/\/dgospel.com.br\/portal\/index.php\/wp-json\/wp\/v2\/tags?post=6193"}],"curies":[{"name":"wp","href":"https:\/\/api.w.org\/{rel}","templated":true}]}}