{"id":6196,"date":"2020-07-22T16:25:39","date_gmt":"2020-07-22T19:25:39","guid":{"rendered":"http:\/\/dgospel.com.br\/portal\/?p=6196"},"modified":"2020-07-22T22:55:40","modified_gmt":"2020-07-23T01:55:40","slug":"pastor-de-igreja-abordada-por-policiais-pede-liberdade-de-culto","status":"publish","type":"post","link":"https:\/\/dgospel.com.br\/portal\/index.php\/2020\/07\/22\/pastor-de-igreja-abordada-por-policiais-pede-liberdade-de-culto\/","title":{"rendered":"Pastor de igreja abordada por policiais pede liberdade de culto"},"content":{"rendered":"\n<p>O pastor da Assembleia de Deus Minist\u00e9rio de Madureira em Curitiba (PR), que teve um culto online interrompido pela pol\u00edcia na semana passada, pediu liberdade de culto em um v\u00eddeo publicado na \u00faltima sexta-feira (17) nas redes sociais.<\/p>\n\n\n\n<p>Formado em Direito e Teologia, o pastor Davi Secundo de Souza disse que a den\u00fancia an\u00f4nima de aglomera\u00e7\u00e3o de pessoas, que resultou na chegada de 9 viaturas policiais e um caminh\u00e3o guincho, foi \u201ccaluniosa\u201d.<\/p>\n\n\n\n<p>\u201cN\u00e3o disseram a verdade. Se n\u00e3o h\u00e1 verdade, o crime n\u00e3o existe\u201d, disse Secundo.<\/p>\n\n\n\n<p>\u201cEm tese, cometia-se um crime contra a sa\u00fade p\u00fablica. N\u00f3s gentilmente atendemos os agentes da lei, abrindo a porta da nossa comunidade. Eles entraram e n\u00e3o encontraram nada al\u00e9m de uma filmadora, um grupo de jovens adorando o nome do Senhor e um casal de pastores que foi escalado naquele dia\u201d, explicou.<\/p>\n\n\n\n<p>O pastor disse que os crist\u00e3os s\u00e3o fi\u00e9is \u201caos princ\u00edpios b\u00edblicos que dizem que as autoridades devem ser respeitadas\u201d, mas pediu que as portas das igrejas sejam novamente abertas.<\/p>\n\n\n\n<p>\u201cN\u00e3o sei se com 10%, 20% ou 50% [da capacidade]. N\u00e3o estamos pedindo a porcentagem, mas sim a oportunidade de continuar fazendo a obra que Deus nos confiou\u201d, pediu.<\/p>\n\n\n\n<p>\u201cReitero que n\u00e3o concordo com o isolamento, em nenhum lugar do mundo funcionou, basta ver as estat\u00edsticas\u201d, ponderou o pastor. \u201cConcordo com o distanciamento social? Concordo. Concordo com o uso do \u00e1lcool em gel? Concordo. Concordo em lavar as m\u00e3os? \u00d3bvio. Concordo em usar m\u00e1scara? N\u00e3o tenha d\u00favida. Mas da mesma forma, eu concordo que tenho que abrir a porta para aquele que est\u00e1 muitas vezes buscando um ref\u00fagio\u201d.<\/p>\n\n\n\n<p>Ele deixou ainda um recado para as autoridades, especialmente o governador do Paran\u00e1, Ratinho J\u00fanior e o prefeito de Curitiba, Rafael Greca. \u201cFechem as igrejas, autoridades, e podem ter certeza que o n\u00famero de infectados e mortos ir\u00e1 crescer, e os hospitais n\u00e3o dar\u00e3o conta\u201d, disse.&nbsp;<\/p>\n\n\n\n<p>\u201cAgora, convidem os pastores desta cidade para irem \u00e0s portas dos hospitais levantar suas m\u00e3os e orar, convidem os pastores para ir \u00e0 pra\u00e7a p\u00fablica e orar, convidem os pastores para clamar por nossa na\u00e7\u00e3o, e eu tenho certeza que reverteremos esse quadro\u201d, completou.<\/p>\n","protected":false},"excerpt":{"rendered":"<p>O pastor da Assembleia de Deus Minist\u00e9rio de Madureira em Curitiba (PR), que teve um culto online interrompido pela pol\u00edcia na semana passada, pediu liberdade de culto em um v\u00eddeo publicado na \u00faltima sexta-feira (17) nas redes sociais. Formado em Direito e Teologia, o pastor Davi Secundo de Souza disse que a den\u00fancia an\u00f4nima de [&hellip;]<\/p>\n","protected":false},"author":2,"featured_media":6197,"comment_status":"open","ping_status":"open","sticky":false,"template":"","format":"standard","meta":[],"categories":[5],"tags":[13],"_links":{"self":[{"href":"https:\/\/dgospel.com.br\/portal\/index.php\/wp-json\/wp\/v2\/posts\/6196"}],"collection":[{"href":"https:\/\/dgospel.com.br\/portal\/index.php\/wp-json\/wp\/v2\/posts"}],"about":[{"href":"https:\/\/dgospel.com.br\/portal\/index.php\/wp-json\/wp\/v2\/types\/post"}],"author":[{"embeddable":true,"href":"https:\/\/dgospel.com.br\/portal\/index.php\/wp-json\/wp\/v2\/users\/2"}],"replies":[{"embeddable":true,"href":"https:\/\/dgospel.com.br\/portal\/index.php\/wp-json\/wp\/v2\/comments?post=6196"}],"version-history":[{"count":1,"href":"https:\/\/dgospel.com.br\/portal\/index.php\/wp-json\/wp\/v2\/posts\/6196\/revisions"}],"predecessor-version":[{"id":6198,"href":"https:\/\/dgospel.com.br\/portal\/index.php\/wp-json\/wp\/v2\/posts\/6196\/revisions\/6198"}],"wp:featuredmedia":[{"embeddable":true,"href":"https:\/\/dgospel.com.br\/portal\/index.php\/wp-json\/wp\/v2\/media\/6197"}],"wp:attachment":[{"href":"https:\/\/dgospel.com.br\/portal\/index.php\/wp-json\/wp\/v2\/media?parent=6196"}],"wp:term":[{"taxonomy":"category","embeddable":true,"href":"https:\/\/dgospel.com.br\/portal\/index.php\/wp-json\/wp\/v2\/categories?post=6196"},{"taxonomy":"post_tag","embeddable":true,"href":"https:\/\/dgospel.com.br\/portal\/index.php\/wp-json\/wp\/v2\/tags?post=6196"}],"curies":[{"name":"wp","href":"https:\/\/api.w.org\/{rel}","templated":true}]}}