{"id":6199,"date":"2020-07-22T16:33:16","date_gmt":"2020-07-22T19:33:16","guid":{"rendered":"http:\/\/dgospel.com.br\/portal\/?p=6199"},"modified":"2020-07-22T16:33:18","modified_gmt":"2020-07-22T19:33:18","slug":"governo-publica-calendario-de-pagamento-do-auxilio-emergencial","status":"publish","type":"post","link":"https:\/\/dgospel.com.br\/portal\/index.php\/2020\/07\/22\/governo-publica-calendario-de-pagamento-do-auxilio-emergencial\/","title":{"rendered":"Governo publica calend\u00e1rio de pagamento do Aux\u00edlio Emergencial"},"content":{"rendered":"\n<p>O Governo Federal definiu o calend\u00e1rio de pagamento da quarta e da quinta parcela do Aux\u00edlio Emergencial. As parcelas devem ser pagas integralmente em julho e em agosto, com base no m\u00eas de nascimento do benefici\u00e1rio. O mesmo ocorre em agosto e setembro. Esse calend\u00e1rio vale para benefici\u00e1rios do Cadastro \u00danico, trabalhadores informais, microempreendedores individuais, contribuintes individuais do INSS, aut\u00f4nomos e desempregados. J\u00e1 os integrantes do Bolsa Fam\u00edlia recebem o Aux\u00edlio Emergencial no calend\u00e1rio normal. Os pagamentos come\u00e7aram na segunda-feira (20).&nbsp;<\/p>\n\n\n\n<p>As demais pessoas v\u00e3o recebem em lotes, de acordo com a data de cadastro. Benefici\u00e1rios que receberam a primeira parcela em abril fazem parte do Lote 1 e v\u00e3o receber a quarta parcela entre julho e agosto.<\/p>\n\n\n\n<p>Nesta quarta-feira (22), 3,8 milh\u00f5es de cidad\u00e3os nascidos em janeiro ter\u00e3o os valores de R$ 600 ou R$ 1.200 transferidos para a Conta Social Digital. Na sexta-feira (24) o aux\u00edlio emergencial ser\u00e1 depositado para 3,5 milh\u00f5es de pessoas nascidas em fevereiro.<\/p>\n\n\n\n<p>A \u00faltima parcela do Aux\u00edlio Emergencial para quem faz parte do Lote 1 e nasceu em janeiro ser\u00e1 paga em 28 de agosto. O calend\u00e1rio segue at\u00e9 30 de setembro, quando ser\u00e3o pagos os benefici\u00e1rios nascidos em dezembro.<\/p>\n","protected":false},"excerpt":{"rendered":"<p>O Governo Federal definiu o calend\u00e1rio de pagamento da quarta e da quinta parcela do Aux\u00edlio Emergencial. As parcelas devem ser pagas integralmente em julho e em agosto, com base no m\u00eas de nascimento do benefici\u00e1rio. O mesmo ocorre em agosto e setembro. Esse calend\u00e1rio vale para benefici\u00e1rios do Cadastro \u00danico, trabalhadores informais, microempreendedores individuais, [&hellip;]<\/p>\n","protected":false},"author":2,"featured_media":6200,"comment_status":"open","ping_status":"open","sticky":false,"template":"","format":"standard","meta":[],"categories":[6],"tags":[],"_links":{"self":[{"href":"https:\/\/dgospel.com.br\/portal\/index.php\/wp-json\/wp\/v2\/posts\/6199"}],"collection":[{"href":"https:\/\/dgospel.com.br\/portal\/index.php\/wp-json\/wp\/v2\/posts"}],"about":[{"href":"https:\/\/dgospel.com.br\/portal\/index.php\/wp-json\/wp\/v2\/types\/post"}],"author":[{"embeddable":true,"href":"https:\/\/dgospel.com.br\/portal\/index.php\/wp-json\/wp\/v2\/users\/2"}],"replies":[{"embeddable":true,"href":"https:\/\/dgospel.com.br\/portal\/index.php\/wp-json\/wp\/v2\/comments?post=6199"}],"version-history":[{"count":1,"href":"https:\/\/dgospel.com.br\/portal\/index.php\/wp-json\/wp\/v2\/posts\/6199\/revisions"}],"predecessor-version":[{"id":6201,"href":"https:\/\/dgospel.com.br\/portal\/index.php\/wp-json\/wp\/v2\/posts\/6199\/revisions\/6201"}],"wp:featuredmedia":[{"embeddable":true,"href":"https:\/\/dgospel.com.br\/portal\/index.php\/wp-json\/wp\/v2\/media\/6200"}],"wp:attachment":[{"href":"https:\/\/dgospel.com.br\/portal\/index.php\/wp-json\/wp\/v2\/media?parent=6199"}],"wp:term":[{"taxonomy":"category","embeddable":true,"href":"https:\/\/dgospel.com.br\/portal\/index.php\/wp-json\/wp\/v2\/categories?post=6199"},{"taxonomy":"post_tag","embeddable":true,"href":"https:\/\/dgospel.com.br\/portal\/index.php\/wp-json\/wp\/v2\/tags?post=6199"}],"curies":[{"name":"wp","href":"https:\/\/api.w.org\/{rel}","templated":true}]}}