{"id":6206,"date":"2020-07-22T22:25:26","date_gmt":"2020-07-23T01:25:26","guid":{"rendered":"http:\/\/dgospel.com.br\/portal\/?p=6206"},"modified":"2020-07-22T22:54:32","modified_gmt":"2020-07-23T01:54:32","slug":"filme-cristao-quando-o-sol-se-poe-estreia-na-netflix","status":"publish","type":"post","link":"https:\/\/dgospel.com.br\/portal\/index.php\/2020\/07\/22\/filme-cristao-quando-o-sol-se-poe-estreia-na-netflix\/","title":{"rendered":"Filme crist\u00e3o \u201cQuando o Sol se P\u00f5e\u201d estreia na Netflix"},"content":{"rendered":"\n<p>Ap\u00f3s o lan\u00e7amento em abril nas plataformas digitais Apple TV, Vivo Play, Google Play, YouTube Filmes e Now, o filme crist\u00e3o \u201c<a href=\"https:\/\/guiame.com.br\/gospel\/mundo-cristao\/filme-quando-o-sol-se-poe-sera-lancado-nas-plataformas-digitais.html\"><strong>Quando o Sol se P\u00f5e<\/strong><\/a>\u201d tamb\u00e9m far\u00e1 parte do cat\u00e1logo da Netflix a partir de quarta-feira (22).&nbsp;<\/p>\n\n\n\n<p>O filme tem produ\u00e7\u00e3o nacional e foi gravado em Santa Catarina pela Red Films, com roteiro e dire\u00e7\u00e3o de F\u00e1bio Faria. O longa \u00e9 estrelado por nomes j\u00e1 conhecidos do cen\u00e1rio crist\u00e3o brasileiro, como Priscilla Alc\u00e2ntara, Lu Alone, Filipe Lancaster, Lito Atalaia, Gabriel Barreto, Samuel Ara\u00fajo e Dany Grace.<\/p>\n\n\n\n<p>\u201cQuando o Sol se P\u00f5e\u201d \u00e9 a op\u00e7\u00e3o para toda fam\u00edlia. Um filme leve, c\u00f4mico e que fortalece a ideia do companheirismo, perd\u00e3o e mostra que a amizade, o amor e a f\u00e9 podem transformar vidas.<\/p>\n\n\n\n<p>O longa conta a hist\u00f3ria de uma banda formada por amigos que est\u00e3o dispostos a dar voos mais altos em sua trajet\u00f3ria musical e decidem participar de um festival de m\u00fasica na faculdade em que estudam. Entretanto, poucos dias antes da apresenta\u00e7\u00e3o, a banda v\u00ea seu vocalista sair sem motivos aparentes. Seus integrantes decidem repensar o destino da banda, pois existe em cada um deles o desejo de mudar o mundo atrav\u00e9s de sua m\u00fasica.&nbsp;<\/p>\n\n\n\n<p>\u00c9 quando surge Jeny (Priscilla Alc\u00e2ntara), uma garota descolada da faculdade, mas que passa por s\u00e9rios problemas familiares. O que ela n\u00e3o imagina \u00e9 que por tr\u00e1s desse grupo existe mais do que apenas o amor \u00e0 m\u00fasica, existe um segredo a ser revelado, que mudar\u00e1 o jeito deles verem a vida. A m\u00fasica e a f\u00e9 estar\u00e3o caminhando juntas nessa trama recheada de emo\u00e7\u00f5es. Eles ir\u00e3o al\u00e9m de lutar por um festival de m\u00fasica; juntos, ir\u00e3o lutar pela vida.<\/p>\n\n\n\n<p><strong>Confira o trailer:<\/strong><\/p>\n\n\n\n<figure class=\"wp-block-embed-youtube wp-block-embed is-type-video is-provider-youtube wp-embed-aspect-16-9 wp-has-aspect-ratio\"><div class=\"wp-block-embed__wrapper\">\n<iframe loading=\"lazy\" title=\"Quando o Sol se P\u00f5e - Trailer (2020)\" width=\"630\" height=\"354\" src=\"https:\/\/www.youtube.com\/embed\/rQsex4-uRmo?feature=oembed\" frameborder=\"0\" allow=\"accelerometer; autoplay; encrypted-media; gyroscope; picture-in-picture\" allowfullscreen><\/iframe>\n<\/div><\/figure>\n\n\n\n<p>\n\nFONTE: GUIAME\n\n<\/p>\n","protected":false},"excerpt":{"rendered":"<p>Ap\u00f3s o lan\u00e7amento em abril nas plataformas digitais Apple TV, Vivo Play, Google Play, YouTube Filmes e Now, o filme crist\u00e3o \u201cQuando o Sol se P\u00f5e\u201d tamb\u00e9m far\u00e1 parte do cat\u00e1logo da Netflix a partir de quarta-feira (22).&nbsp; O filme tem produ\u00e7\u00e3o nacional e foi gravado em Santa Catarina pela Red Films, com roteiro e [&hellip;]<\/p>\n","protected":false},"author":2,"featured_media":0,"comment_status":"open","ping_status":"open","sticky":false,"template":"","format":"standard","meta":[],"categories":[17],"tags":[13],"_links":{"self":[{"href":"https:\/\/dgospel.com.br\/portal\/index.php\/wp-json\/wp\/v2\/posts\/6206"}],"collection":[{"href":"https:\/\/dgospel.com.br\/portal\/index.php\/wp-json\/wp\/v2\/posts"}],"about":[{"href":"https:\/\/dgospel.com.br\/portal\/index.php\/wp-json\/wp\/v2\/types\/post"}],"author":[{"embeddable":true,"href":"https:\/\/dgospel.com.br\/portal\/index.php\/wp-json\/wp\/v2\/users\/2"}],"replies":[{"embeddable":true,"href":"https:\/\/dgospel.com.br\/portal\/index.php\/wp-json\/wp\/v2\/comments?post=6206"}],"version-history":[{"count":1,"href":"https:\/\/dgospel.com.br\/portal\/index.php\/wp-json\/wp\/v2\/posts\/6206\/revisions"}],"predecessor-version":[{"id":6207,"href":"https:\/\/dgospel.com.br\/portal\/index.php\/wp-json\/wp\/v2\/posts\/6206\/revisions\/6207"}],"wp:attachment":[{"href":"https:\/\/dgospel.com.br\/portal\/index.php\/wp-json\/wp\/v2\/media?parent=6206"}],"wp:term":[{"taxonomy":"category","embeddable":true,"href":"https:\/\/dgospel.com.br\/portal\/index.php\/wp-json\/wp\/v2\/categories?post=6206"},{"taxonomy":"post_tag","embeddable":true,"href":"https:\/\/dgospel.com.br\/portal\/index.php\/wp-json\/wp\/v2\/tags?post=6206"}],"curies":[{"name":"wp","href":"https:\/\/api.w.org\/{rel}","templated":true}]}}