{"id":6208,"date":"2020-07-22T22:31:40","date_gmt":"2020-07-23T01:31:40","guid":{"rendered":"http:\/\/dgospel.com.br\/portal\/?p=6208"},"modified":"2020-07-22T22:54:10","modified_gmt":"2020-07-23T01:54:10","slug":"julia-vitoria-lanca-o-medley-ele-vem-a-cidade-santa-com-participacao-de-aline-barros","status":"publish","type":"post","link":"https:\/\/dgospel.com.br\/portal\/index.php\/2020\/07\/22\/julia-vitoria-lanca-o-medley-ele-vem-a-cidade-santa-com-participacao-de-aline-barros\/","title":{"rendered":"Julia Vit\u00f3ria lan\u00e7a o medley \u201cEle Vem \/ A Cidade Santa\u201d, com participa\u00e7\u00e3o de Aline Barros"},"content":{"rendered":"\n<p>Julia Vit\u00f3ria lan\u00e7ando o segundo single de um projeto que visa resgatar grandes sucessos da m\u00fasica crist\u00e3. Ap\u00f3s regravar \u201cAl\u00e9m do Rio Azul\u201d (Banda Voz da Verdade), ela apresenta o medley \u201cEle Vem \/ A Cidade Santa\u201d, com a participa\u00e7\u00e3o de Aline Barros e do coral One Service Project.<\/p>\n\n\n\n<p>O v\u00eddeo foi gravado no formato conhecido como \u2018one take\u2019, que n\u00e3o n\u00e3o possui cortes do come\u00e7o ao fim \u2013 outro grande diferencial deste lan\u00e7amento.<\/p>\n\n\n\n<p>\u201cEstou muito feliz em poder participar deste lindo projeto. Gravei uma can\u00e7\u00e3o que tocou meu cora\u00e7\u00e3o e regravei tamb\u00e9m \u2018A Cidade Santa\u2019, s\u00f3 um trechinho, que vai estar junto com esta composi\u00e7\u00e3o da Julia. Est\u00e1 linda demais e estamos somando for\u00e7as para aben\u00e7oar essa gera\u00e7\u00e3o\u201d, celebra Aline Barros.<\/p>\n\n\n\n<p>Julia contou que se sente muito honrada em ter uma das maiores refer\u00eancias do g\u00eanero gospel cantando ao seu lado.<\/p>\n\n\n\n<p>\u201cMe lembro que, enquanto est\u00e1vamos cuidando dos detalhes deste projeto, Jesus falou muito forte ao meu cora\u00e7\u00e3o que Ele queria que eu cantasse sobre a volta d\u2019Ele, essa esperan\u00e7a que n\u00f3s temos em nossos cora\u00e7\u00f5es de que um dia Ele vir\u00e1 nos buscar\u201d, explicou.<\/p>\n\n\n\n<p>A faixa deve ganhar em breve uma vers\u00e3o em ingl\u00eas, fazendo parte de uma s\u00e9rie de lan\u00e7amentos de Julia Vit\u00f3ria.<\/p>\n\n\n\n<p>\u201cEle Vem \/ A Cidade Santa\u201d j\u00e1 est\u00e1 dispon\u00edvel no canal no YouTube da Musile Records e nas principais plataformas de streaming. Confira o clipe, clicando abaixo:<\/p>\n\n\n\n<figure class=\"wp-block-embed-youtube wp-block-embed is-type-video is-provider-youtube wp-embed-aspect-16-9 wp-has-aspect-ratio\"><div class=\"wp-block-embed__wrapper\">\n<iframe loading=\"lazy\" title=\"Julia Vitoria e Aline Barros - Ele Vem (Ao Vivo)\" width=\"630\" height=\"354\" src=\"https:\/\/www.youtube.com\/embed\/TwHY-eD3Prs?feature=oembed\" frameborder=\"0\" allow=\"accelerometer; autoplay; encrypted-media; gyroscope; picture-in-picture\" allowfullscreen><\/iframe>\n<\/div><\/figure>\n\n\n\n<p>\n\nFONTE: GUIAME, COM INFORMA\u00c7\u00d5ES DA MUSILE RECORDS\n\n<\/p>\n","protected":false},"excerpt":{"rendered":"<p>Julia Vit\u00f3ria lan\u00e7ando o segundo single de um projeto que visa resgatar grandes sucessos da m\u00fasica crist\u00e3. Ap\u00f3s regravar \u201cAl\u00e9m do Rio Azul\u201d (Banda Voz da Verdade), ela apresenta o medley \u201cEle Vem \/ A Cidade Santa\u201d, com a participa\u00e7\u00e3o de Aline Barros e do coral One Service Project. O v\u00eddeo foi gravado no formato [&hellip;]<\/p>\n","protected":false},"author":2,"featured_media":6209,"comment_status":"open","ping_status":"open","sticky":false,"template":"","format":"standard","meta":[],"categories":[17],"tags":[13],"_links":{"self":[{"href":"https:\/\/dgospel.com.br\/portal\/index.php\/wp-json\/wp\/v2\/posts\/6208"}],"collection":[{"href":"https:\/\/dgospel.com.br\/portal\/index.php\/wp-json\/wp\/v2\/posts"}],"about":[{"href":"https:\/\/dgospel.com.br\/portal\/index.php\/wp-json\/wp\/v2\/types\/post"}],"author":[{"embeddable":true,"href":"https:\/\/dgospel.com.br\/portal\/index.php\/wp-json\/wp\/v2\/users\/2"}],"replies":[{"embeddable":true,"href":"https:\/\/dgospel.com.br\/portal\/index.php\/wp-json\/wp\/v2\/comments?post=6208"}],"version-history":[{"count":1,"href":"https:\/\/dgospel.com.br\/portal\/index.php\/wp-json\/wp\/v2\/posts\/6208\/revisions"}],"predecessor-version":[{"id":6210,"href":"https:\/\/dgospel.com.br\/portal\/index.php\/wp-json\/wp\/v2\/posts\/6208\/revisions\/6210"}],"wp:featuredmedia":[{"embeddable":true,"href":"https:\/\/dgospel.com.br\/portal\/index.php\/wp-json\/wp\/v2\/media\/6209"}],"wp:attachment":[{"href":"https:\/\/dgospel.com.br\/portal\/index.php\/wp-json\/wp\/v2\/media?parent=6208"}],"wp:term":[{"taxonomy":"category","embeddable":true,"href":"https:\/\/dgospel.com.br\/portal\/index.php\/wp-json\/wp\/v2\/categories?post=6208"},{"taxonomy":"post_tag","embeddable":true,"href":"https:\/\/dgospel.com.br\/portal\/index.php\/wp-json\/wp\/v2\/tags?post=6208"}],"curies":[{"name":"wp","href":"https:\/\/api.w.org\/{rel}","templated":true}]}}