{"id":6214,"date":"2020-07-23T23:01:37","date_gmt":"2020-07-24T02:01:37","guid":{"rendered":"http:\/\/dgospel.com.br\/portal\/?p=6214"},"modified":"2020-07-23T23:01:39","modified_gmt":"2020-07-24T02:01:39","slug":"bolsonaro-elogia-cloroquina-12-horas-depois-estava-bem","status":"publish","type":"post","link":"https:\/\/dgospel.com.br\/portal\/index.php\/2020\/07\/23\/bolsonaro-elogia-cloroquina-12-horas-depois-estava-bem\/","title":{"rendered":"Bolsonaro elogia cloroquina: \u201912 horas depois estava bem\u2019"},"content":{"rendered":"\n<p> Nesta quinta-feira (23), o presidente Jair Bolsonaro voltou a falar sobre o uso da hidroxicloroquina no tratamento da Covid-19 e afirmou que se sentiu melhor 12 horas ap\u00f3s tomar um comprimido. Ele disse que os ministros da Cidadania, Onyx Lorenzoni, e da Educa\u00e7\u00e3o, Milton Ribeiro, tamb\u00e9m usaram o medicamento e est\u00e3o melhores. Ambos testaram positivo para a doen\u00e7a. <\/p>\n\n\n\n<p> As declara\u00e7\u00f5es foram dadas durante sua tradicional live pelo Facebook das quintas-feiras. <\/p>\n\n\n\n<p>Sobre o uso do rem\u00e9dio no tratamento da doen\u00e7a, Bolsonaro voltou a lembrar que n\u00e3o recomenda o uso, mas falou sobre os efeitos positivos da hidroxicloroquina.<\/p>\n\n\n\n<p>\u2013 Meu estado de sa\u00fade. Estou muito bem, gra\u00e7as a Deus. O ministro Onyx e tamb\u00e9m o ministro Milton Ribeiro, da Educa\u00e7\u00e3o, foram acometidos do v\u00edrus, e come\u00e7aram, imediatamente, a tomar hidroxicloroquina. Deixo bem claro que \u00e9 uma ades\u00e3o do m\u00e9dico e do paciente, como foi o meu caso. N\u00e3o estou recomendando para ningu\u00e9m n\u00e3o. Eu tomei, e 12 horas depois estava me sentindo muito bem. E como estou muito bem, gra\u00e7as a Deus, at\u00e9 hoje. A mesma coisa me reportou o Onyx e o ministro Milton, se sentiram muito bem tamb\u00e9m \u2013 explicou.<\/p>\n\n\n\n<p>O presidente reconheceu que ainda n\u00e3o h\u00e1 estudos provando a efic\u00e1cia do rem\u00e9dio, mas disse que n\u00e3o pesquisa recomendou que n\u00e3o se use a subst\u00e2ncia.<\/p>\n\n\n\n<p>\u2013 Deixar claro aqui. Hoje eu vi um governador criticando a hidroxicloroquina, falando em ci\u00eancia. At\u00e9 lembrei do [ex-ministro] Mandetta. Parece at\u00e9 que o governador desse estado fez a mesma faculdade. Acreditamos na ci\u00eancia, mas n\u00e3o existe comprova\u00e7\u00e3o cient\u00edfica. E como alguns dizem (\u2026) n\u00e3o \u00e9 recomendado, e nem n\u00e3o \u00e9 recomendado. Est\u00e1 em estudo ainda (\u2026) Enquanto n\u00e3o tem um rem\u00e9dio para atacar o problema, \u00e9 v\u00e1lido isso aqui \u2013 ressaltou.<\/p>\n\n\n\n<p>Por fim, ele tamb\u00e9m pediu \u00e0s pessoas que parem de tentar proibir o uso da hidroxicloroquina.<\/p>\n\n\n\n<p>\u2013 Quem n\u00e3o tem uma outra alternativa, que n\u00e3o fique querendo proibir a hidroxicloroquina por quem queira tom\u00e1-la devidamente receitada por um m\u00e9dico \u2013 afirmou<\/p>\n\n\n\n<p>Fonte: pleno.news<\/p>\n","protected":false},"excerpt":{"rendered":"<p>Nesta quinta-feira (23), o presidente Jair Bolsonaro voltou a falar sobre o uso da hidroxicloroquina no tratamento da Covid-19 e afirmou que se sentiu melhor 12 horas ap\u00f3s tomar um comprimido. Ele disse que os ministros da Cidadania, Onyx Lorenzoni, e da Educa\u00e7\u00e3o, Milton Ribeiro, tamb\u00e9m usaram o medicamento e est\u00e3o melhores. Ambos testaram positivo [&hellip;]<\/p>\n","protected":false},"author":2,"featured_media":6215,"comment_status":"open","ping_status":"open","sticky":false,"template":"","format":"standard","meta":[],"categories":[6,4],"tags":[13],"_links":{"self":[{"href":"https:\/\/dgospel.com.br\/portal\/index.php\/wp-json\/wp\/v2\/posts\/6214"}],"collection":[{"href":"https:\/\/dgospel.com.br\/portal\/index.php\/wp-json\/wp\/v2\/posts"}],"about":[{"href":"https:\/\/dgospel.com.br\/portal\/index.php\/wp-json\/wp\/v2\/types\/post"}],"author":[{"embeddable":true,"href":"https:\/\/dgospel.com.br\/portal\/index.php\/wp-json\/wp\/v2\/users\/2"}],"replies":[{"embeddable":true,"href":"https:\/\/dgospel.com.br\/portal\/index.php\/wp-json\/wp\/v2\/comments?post=6214"}],"version-history":[{"count":1,"href":"https:\/\/dgospel.com.br\/portal\/index.php\/wp-json\/wp\/v2\/posts\/6214\/revisions"}],"predecessor-version":[{"id":6216,"href":"https:\/\/dgospel.com.br\/portal\/index.php\/wp-json\/wp\/v2\/posts\/6214\/revisions\/6216"}],"wp:featuredmedia":[{"embeddable":true,"href":"https:\/\/dgospel.com.br\/portal\/index.php\/wp-json\/wp\/v2\/media\/6215"}],"wp:attachment":[{"href":"https:\/\/dgospel.com.br\/portal\/index.php\/wp-json\/wp\/v2\/media?parent=6214"}],"wp:term":[{"taxonomy":"category","embeddable":true,"href":"https:\/\/dgospel.com.br\/portal\/index.php\/wp-json\/wp\/v2\/categories?post=6214"},{"taxonomy":"post_tag","embeddable":true,"href":"https:\/\/dgospel.com.br\/portal\/index.php\/wp-json\/wp\/v2\/tags?post=6214"}],"curies":[{"name":"wp","href":"https:\/\/api.w.org\/{rel}","templated":true}]}}