{"id":6220,"date":"2020-07-23T23:12:18","date_gmt":"2020-07-24T02:12:18","guid":{"rendered":"http:\/\/dgospel.com.br\/portal\/?p=6220"},"modified":"2020-07-23T23:12:20","modified_gmt":"2020-07-24T02:12:20","slug":"governador-carlesse-determina-ampliacao-da-indenizacao-extraordinaria-por-combate-a-covid-19-a-mais-profissionais-de-saude","status":"publish","type":"post","link":"https:\/\/dgospel.com.br\/portal\/index.php\/2020\/07\/23\/governador-carlesse-determina-ampliacao-da-indenizacao-extraordinaria-por-combate-a-covid-19-a-mais-profissionais-de-saude\/","title":{"rendered":"Governador Carlesse determina amplia\u00e7\u00e3o da indeniza\u00e7\u00e3o extraordin\u00e1ria por combate \u00e0 Covid-19 a mais profissionais de sa\u00fade"},"content":{"rendered":"\n<p>O governador do Tocantins, Mauro Carlesse, sancionou nesta quarta-feira, 22, a Lei n\u00b0 3.705, que institui a indeniza\u00e7\u00e3o extraordin\u00e1ria para profissionais da sa\u00fade que atuam na linha de frente de combate \u00e0 Covid-19, vinculados \u00e0s unidades hospitalares e ao Laborat\u00f3rio Central de Sa\u00fade P\u00fablica (Lacen-TO). A Lei ser\u00e1 publicada no Di\u00e1rio Oficial do Estado, edi\u00e7\u00e3o desta quarta, que traz ainda a Medida Provis\u00f3ria n\u00b0 18, que amplia a abrang\u00eancia da indeniza\u00e7\u00e3o para os demais profissionais que atuam nos apoios cl\u00ednico, log\u00edstico e de exames.<\/p>\n\n\n\n<p>Conforme a Lei, a indeniza\u00e7\u00e3o \u00e9 de car\u00e1ter tempor\u00e1rio, ser\u00e1 paga durante o per\u00edodo de pandemia, e n\u00e3o se incorpora \u00e0 remunera\u00e7\u00e3o ou \u00e0 base de c\u00e1lculo para pagamento de benef\u00edcio previdenci\u00e1rio ou qualquer outra vantagem, n\u00e3o incidindo sobre o 13\u00b0&nbsp;sal\u00e1rio e as f\u00e9rias.<\/p>\n\n\n\n<p>\u201cEntendemos que \u00e9 justa a indeniza\u00e7\u00e3o para esses profissionais que est\u00e3o na linha de frente cuidando daqueles que s\u00e3o acometidos pelo v\u00edrus, dispensando o tratamento e os cuidados necess\u00e1rios com o intuito \u00fanico de salvar vidas. A dedica\u00e7\u00e3o deles \u00e9 fundamental para a recupera\u00e7\u00e3o dos pacientes\u201d, ressalta o governador Mauro Carlesse.<\/p>\n\n\n\n<p><strong>Fazem jus \u00e0 indeniza\u00e7\u00e3o, os seguintes profissionais:&nbsp;<\/strong><\/p>\n\n\n\n<p>&#8211; Nos hospitais &#8211; M\u00e9dico Leito Covid-19 (20h semanais), M\u00e9dico Leito Covid-19 (40h semanais), enfermeiro, auxiliar de enfermagem, t\u00e9cnico de enfermagem e fisioterapeuta; e ainda, profissionais que, embora n\u00e3o atendam \u00e0 regra de exclusividade de exerc\u00edcio, comprovadamente laborem em contato direto com os pacientes das alas de tratamento da Covid-19 que n\u00e3o possuam escalas exclusivas para o atendimento desses casos, como motorista condutor de ambul\u00e2ncias, maqueiro, t\u00e9cnico de Radiologia, e auxiliar de higieniza\u00e7\u00e3o;<\/p>\n\n\n\n<p>&#8211; E no Lacen &#8211; farmac\u00eauticos, enfermeiros, biom\u00e9dicos, t\u00e9cnicos de enfermagem, t\u00e9cnicos de laborat\u00f3rio, bi\u00f3logos, auxiliares de enfermagem, que atuam na recep\u00e7\u00e3o das amostras e processamento dos exames.&nbsp;<\/p>\n\n\n\n<p>Caso algum desses profissionais abrangidos pela Lei, eventualmente seja acometido pela doen\u00e7a, o mesmo continuar\u00e1 a fazer jus ao recebimento da indeniza\u00e7\u00e3o enquanto durar o afastamento das atividades laborais para tratamento da doen\u00e7a, conforme protocolos vigentes.<\/p>\n\n\n\n<p><strong>MP 18<\/strong><\/p>\n\n\n\n<p>Conforme a MP n\u00b0 18, fazem jus \u00e0 indeniza\u00e7\u00e3o, os profissionais vinculados \u00e0s unidades hospitalares da rede p\u00fablica estadual que tenham exerc\u00edcio de atividades exclusivamente nas alas de tratamento da doen\u00e7a como: M\u00e9dico Leito Covid-19 (20h semanais), M\u00e9dico Leito Covid-19 (40h semanais), auxiliar de enfermagem, enfermeiro, t\u00e9cnico em enfermagem, fisioterapeuta, maqueiro, motorista condutor de ambul\u00e2ncias, t\u00e9cnico em radiologia e auxiliar de Higieniza\u00e7\u00e3o de ambiente e materiais; e ainda os profissionais vinculados ao Lacen em Palmas e ao Laborat\u00f3rio de Sa\u00fade P\u00fablica em Aragua\u00edna (LSPA\/Lacen-TO) que tenham exerc\u00edcio de atividades exclusivamente nos testes para o diagn\u00f3stico do novo Coronav\u00edrus, desde&nbsp;recep\u00e7\u00e3o, inspe\u00e7\u00e3o, prepara\u00e7\u00e3o e processamento da amostra em sua fase anal\u00edtica (aliquotagem, extra\u00e7\u00e3o de RNA e quantifica\u00e7\u00e3o do RNA).<\/p>\n\n\n\n<p><strong>Valores por categoria<\/strong><\/p>\n\n\n\n<p>&#8211; M\u00e9dico Leito Covid-19 (20h semanais) &#8211; &nbsp;R$ 2.400,00;<br>&#8211; M\u00e9dico Leito Covid-19 (40h semanais) &#8211; R$ 4.800,00;<br>&#8211; Demais ocupantes de cargos de apoio cl\u00ednico Leito Covid-19 (Auxiliar de enfermagem, enfermeiro, t\u00e9cnico em enfermagem e fisioterapeuta) &#8211; R$ 1.200,00;<br>&#8211; Demais ocupantes de cargos de apoio log\u00edstico Leito Covid-19 (Maqueiro, motorista condutor de ambul\u00e2ncias, t\u00e9cnico em radiologia e Auxiliar de Higieniza\u00e7\u00e3o de ambiente e materiais) &#8211; R$ 800,00;<br>&#8211; Recep\u00e7\u00e3o e inspe\u00e7\u00e3o de amostras (auxiliar de enfermagem, t\u00e9cnico em enfermagem, t\u00e9cnico em laborat\u00f3rio) &#8211; R$ 300,00;<br>&#8211; Prepara\u00e7\u00e3o e processamento de amostras (biom\u00e9dico, bi\u00f3logo em sa\u00fade, farmac\u00eautico, farmac\u00eautico-bioqu\u00edmico) &#8211; R$ 400,00.<\/p>\n","protected":false},"excerpt":{"rendered":"<p>O governador do Tocantins, Mauro Carlesse, sancionou nesta quarta-feira, 22, a Lei n\u00b0 3.705, que institui a indeniza\u00e7\u00e3o extraordin\u00e1ria para profissionais da sa\u00fade que atuam na linha de frente de combate \u00e0 Covid-19, vinculados \u00e0s unidades hospitalares e ao Laborat\u00f3rio Central de Sa\u00fade P\u00fablica (Lacen-TO). A Lei ser\u00e1 publicada no Di\u00e1rio Oficial do Estado, edi\u00e7\u00e3o [&hellip;]<\/p>\n","protected":false},"author":2,"featured_media":6221,"comment_status":"open","ping_status":"open","sticky":false,"template":"","format":"standard","meta":[],"categories":[3],"tags":[13],"_links":{"self":[{"href":"https:\/\/dgospel.com.br\/portal\/index.php\/wp-json\/wp\/v2\/posts\/6220"}],"collection":[{"href":"https:\/\/dgospel.com.br\/portal\/index.php\/wp-json\/wp\/v2\/posts"}],"about":[{"href":"https:\/\/dgospel.com.br\/portal\/index.php\/wp-json\/wp\/v2\/types\/post"}],"author":[{"embeddable":true,"href":"https:\/\/dgospel.com.br\/portal\/index.php\/wp-json\/wp\/v2\/users\/2"}],"replies":[{"embeddable":true,"href":"https:\/\/dgospel.com.br\/portal\/index.php\/wp-json\/wp\/v2\/comments?post=6220"}],"version-history":[{"count":1,"href":"https:\/\/dgospel.com.br\/portal\/index.php\/wp-json\/wp\/v2\/posts\/6220\/revisions"}],"predecessor-version":[{"id":6222,"href":"https:\/\/dgospel.com.br\/portal\/index.php\/wp-json\/wp\/v2\/posts\/6220\/revisions\/6222"}],"wp:featuredmedia":[{"embeddable":true,"href":"https:\/\/dgospel.com.br\/portal\/index.php\/wp-json\/wp\/v2\/media\/6221"}],"wp:attachment":[{"href":"https:\/\/dgospel.com.br\/portal\/index.php\/wp-json\/wp\/v2\/media?parent=6220"}],"wp:term":[{"taxonomy":"category","embeddable":true,"href":"https:\/\/dgospel.com.br\/portal\/index.php\/wp-json\/wp\/v2\/categories?post=6220"},{"taxonomy":"post_tag","embeddable":true,"href":"https:\/\/dgospel.com.br\/portal\/index.php\/wp-json\/wp\/v2\/tags?post=6220"}],"curies":[{"name":"wp","href":"https:\/\/api.w.org\/{rel}","templated":true}]}}