{"id":6223,"date":"2020-07-24T13:36:26","date_gmt":"2020-07-24T16:36:26","guid":{"rendered":"http:\/\/dgospel.com.br\/portal\/?p=6223"},"modified":"2020-07-24T13:58:24","modified_gmt":"2020-07-24T16:58:24","slug":"nutricao-e-oncologia-a-importancia-da-alimentacao-na-prevencao-e-tratamento-do-cancer","status":"publish","type":"post","link":"https:\/\/dgospel.com.br\/portal\/index.php\/2020\/07\/24\/nutricao-e-oncologia-a-importancia-da-alimentacao-na-prevencao-e-tratamento-do-cancer\/","title":{"rendered":"Nutri\u00e7\u00e3o e oncologia: a import\u00e2ncia da alimenta\u00e7\u00e3o na preven\u00e7\u00e3o e tratamento do c\u00e2ncer"},"content":{"rendered":"\n<p>\u201cQue seu rem\u00e9dio seja seu alimento e que seu alimento seja seu rem\u00e9dio\u201d. Mesmo sendo um pensamento dito por Hip\u00f3crates h\u00e1 mais de 2400 anos atr\u00e1s, nunca esteve t\u00e3o atualizado, sendo cada vez mais refor\u00e7ado pela ci\u00eancia, onde comprovam que ter uma alimenta\u00e7\u00e3o saud\u00e1vel, ajuda na preven\u00e7\u00e3o e combate a doen\u00e7as.<\/p>\n\n\n\n<p>Alinhada com esse pensamento a Quavi Biomercado est\u00e1 apoiando \u00e0 campanha: Julho Verde, que tem como objetivo a conscientiza\u00e7\u00e3o sobre o c\u00e2ncer de cabe\u00e7a e pesco\u00e7o e a import\u00e2ncia da preven\u00e7\u00e3o.<\/p>\n\n\n\n<p>De acordo com a nutricionista Paola Guerra, a nutri\u00e7\u00e3o est\u00e1 completamente ligada \u00e0 oncologia, tendo papel fundamental na preven\u00e7\u00e3o, tratamento e o p\u00f3s-tratamento de pacientes com c\u00e2ncer.<\/p>\n\n\n\n<p>\u201cNa preven\u00e7\u00e3o o alimento funciona como um medicamento que ajuda a prevenir ou at\u00e9 mesmo retardar doen\u00e7as nos casos de quem tem fatores gen\u00e9ticos. Existem alimentos que previnem a forma\u00e7\u00e3o de radicais livres e tem a\u00e7\u00e3o anti-inflamat\u00f3ria, quando inserimos em uma alimenta\u00e7\u00e3o mais saud\u00e1vel conseguimos prevenir n\u00e3o s\u00f3 o c\u00e2ncer como outras doen\u00e7as\u201d, diz.<\/p>\n\n\n\n<p>Nesse sentido a nutricionista recomenda evitar alguns alimentos como embutidos e enlatados, substituir o a\u00e7\u00facar branco pelo mascavo ou demerara que s\u00e3o ricos em minerais e consumir alimentos conhecidos como funcionais, entre eles est\u00e3o:<\/p>\n\n\n\n<p><strong>Linha\u00e7a dourada:<\/strong>&nbsp;Tem a\u00e7\u00e3o anti-inflamat\u00f3ria, prote\u00e7\u00e3o cardiovascular, melhora a fun\u00e7\u00e3o do intestino, ajuda a reduzir o colesterol, triglicer\u00eddeos e n\u00edveis de glicemia. Uma ou duas colheres de sopa por dia j\u00e1 garantem esse benef\u00edcio.<\/p>\n\n\n\n<p><strong>Ch\u00e1 verde<\/strong>:&nbsp;O consumo regular causa a redu\u00e7\u00e3o do processo inflamat\u00f3rio no organismo, auxiliando na preven\u00e7\u00e3o do desenvolvimento de doen\u00e7as cardiovasculares e cr\u00f4nicas.<\/p>\n\n\n\n<p><strong>Azeite extra virgem<\/strong>: Entre as propriedades consagradas, est\u00e3o a redu\u00e7\u00e3o das taxas de LDL (mau colesterol) e eleva\u00e7\u00e3o de HDL (bom colesterol) e prote\u00e7\u00e3o do est\u00f4mago.<\/p>\n\n\n\n<p><strong>C\u00farcuma<\/strong>: Cont\u00e9m subst\u00e2ncias antioxidantes e com propriedades anti-inflamat\u00f3rias, apresenta benef\u00edcios digestivos e cardiovasculares.<\/p>\n\n\n\n<p><strong>Castanha do Par\u00e1<\/strong>: Uma ou duas unidades por dia, s\u00e3o suficientes para suprir a quantidade de sel\u00eanio recomendada. Tamb\u00e9m contribui com o sistema cardiovascular, ajuda a baixar o colesterol, \u00e9 boa para a imunidade e ativa o metabolismo da tireoide.<\/p>\n\n\n\n<p><strong>Cereais integrais (aveia, quinoa, chia)<\/strong>: fonte de fibras que auxiliam na digest\u00e3o, fun\u00e7\u00e3o intestinal e ajudam a limpar as toxinas do corpo.<\/p>\n\n\n\n<p><strong>\u00d3leo de abacate<\/strong>: Cont\u00e9m uma substancia chamada beta-sitosterol que \u00e9 anti-inflamat\u00f3ria e regula os n\u00edveis de horm\u00f4nio do organismo.<\/p>\n\n\n\n<p>Por\u00e9m a nutricionista alerta: \u201cO alimento funcional deve ser usado diariamente como se fosse um rem\u00e9dio\u201d.<\/p>\n\n\n\n<p>A m\u00e9dica cirurgi\u00e3 de Cabe\u00e7a e Pesco\u00e7o Rayla Souza, confirma que a alimenta\u00e7\u00e3o \u00e9 extremamente importante para o tratamento e recupera\u00e7\u00e3o dos pacientes.<\/p>\n\n\n\n<p>&nbsp;&nbsp;&nbsp;&nbsp;&nbsp;&nbsp;&nbsp; \u201cN\u00e3o conseguimos um tratamento adequado na cirurgia, quimioterapia ou radioterapia se o paciente n\u00e3o estiver com uma dieta adequada no pr\u00e9-tratamento, durante e p\u00f3s-tratamento\u201d diz a m\u00e9dica explicando algumas situa\u00e7\u00f5es que s\u00e3o comuns para esses pacientes de c\u00e2ncer de cabe\u00e7a e pesco\u00e7o que atingem boca, l\u00edngua, bochecha, laringe, faringe, etc.<\/p>\n\n\n\n<p>\u201cMuitas vezes precisam usar sonda ou gastrostomia, necess\u00e1rios se o paciente n\u00e3o for capaz de ingerir a comida pela boca. A radioterapia causa diminui\u00e7\u00e3o da quantidade de saliva na boca e durante algum tempo necessitam de alimentos l\u00edquidos e pastosos, al\u00e9m de outras rea\u00e7\u00f5es como perda do apetite, enjoos e n\u00e1useas que interferem no ato de se alimentar. O cuidado com a alimenta\u00e7\u00e3o \u00e9 fundamental, precisamos dos pacientes com tecido muscular fortificado e que esteja seguindo uma alimenta\u00e7\u00e3o adequada do inicio ao fim do tratamento\u201d.<\/p>\n\n\n\n<p>Paola Guerra refor\u00e7a que o ideal \u00e9 iniciar uma dieta no pr\u00e9-operat\u00f3rio para o paciente n\u00e3o desnutrir no p\u00f3s-operat\u00f3rio e ressalta que com alimenta\u00e7\u00e3o \u00e9 poss\u00edvel melhorar os sintomas.<\/p>\n\n\n\n<p>\u201cNa alimenta\u00e7\u00e3o via oral a recomenda\u00e7\u00e3o para pacientes \u00e9 comer tudo que for mais natural poss\u00edvel, se o paciente n\u00e3o consegue comer pela boca, quando alimento deve ser l\u00edquido ou pastoso, vamos tornar essa alimenta\u00e7\u00e3o mais rica em prote\u00ednas para que o paciente n\u00e3o fique desnutrido at\u00e9 que possa voltar a se alimentar normalmente\u201d.<\/p>\n\n\n\n<p>As duas profissionais asseguram que alimenta\u00e7\u00e3o ajuda no processo de cicatriza\u00e7\u00e3o da cirurgia e na reabilita\u00e7\u00e3o do paciente.<\/p>\n\n\n\n<p>\u201cOs pacientes questionam a demora na cicatriza\u00e7\u00e3o, abertura de f\u00edstulas, fraqueza muscular, sendo a nutri\u00e7\u00e3o parte fundamental para &nbsp;reverter essas complica\u00e7\u00f5es\u201d, relata a m\u00e9dica cirurgi\u00e3.<\/p>\n\n\n\n<p>Paola finaliza explicando que, \u201cno p\u00f3s-tratamento a alimenta\u00e7\u00e3o adequada ajuda a recuperar a massa magra perdida por causa do estresse gerado pela doen\u00e7a e pelas rea\u00e7\u00f5es do tratamento, &nbsp;contribuindo para que o paciente volte a ter uma alimenta\u00e7\u00e3o normal com mais qualidade de vida\u201d.<\/p>\n","protected":false},"excerpt":{"rendered":"<p>\u201cQue seu rem\u00e9dio seja seu alimento e que seu alimento seja seu rem\u00e9dio\u201d. Mesmo sendo um pensamento dito por Hip\u00f3crates h\u00e1 mais de 2400 anos atr\u00e1s, nunca esteve t\u00e3o atualizado, sendo cada vez mais refor\u00e7ado pela ci\u00eancia, onde comprovam que ter uma alimenta\u00e7\u00e3o saud\u00e1vel, ajuda na preven\u00e7\u00e3o e combate a doen\u00e7as. Alinhada com esse pensamento [&hellip;]<\/p>\n","protected":false},"author":2,"featured_media":6224,"comment_status":"open","ping_status":"open","sticky":false,"template":"","format":"standard","meta":[],"categories":[10,4],"tags":[13],"_links":{"self":[{"href":"https:\/\/dgospel.com.br\/portal\/index.php\/wp-json\/wp\/v2\/posts\/6223"}],"collection":[{"href":"https:\/\/dgospel.com.br\/portal\/index.php\/wp-json\/wp\/v2\/posts"}],"about":[{"href":"https:\/\/dgospel.com.br\/portal\/index.php\/wp-json\/wp\/v2\/types\/post"}],"author":[{"embeddable":true,"href":"https:\/\/dgospel.com.br\/portal\/index.php\/wp-json\/wp\/v2\/users\/2"}],"replies":[{"embeddable":true,"href":"https:\/\/dgospel.com.br\/portal\/index.php\/wp-json\/wp\/v2\/comments?post=6223"}],"version-history":[{"count":1,"href":"https:\/\/dgospel.com.br\/portal\/index.php\/wp-json\/wp\/v2\/posts\/6223\/revisions"}],"predecessor-version":[{"id":6225,"href":"https:\/\/dgospel.com.br\/portal\/index.php\/wp-json\/wp\/v2\/posts\/6223\/revisions\/6225"}],"wp:featuredmedia":[{"embeddable":true,"href":"https:\/\/dgospel.com.br\/portal\/index.php\/wp-json\/wp\/v2\/media\/6224"}],"wp:attachment":[{"href":"https:\/\/dgospel.com.br\/portal\/index.php\/wp-json\/wp\/v2\/media?parent=6223"}],"wp:term":[{"taxonomy":"category","embeddable":true,"href":"https:\/\/dgospel.com.br\/portal\/index.php\/wp-json\/wp\/v2\/categories?post=6223"},{"taxonomy":"post_tag","embeddable":true,"href":"https:\/\/dgospel.com.br\/portal\/index.php\/wp-json\/wp\/v2\/tags?post=6223"}],"curies":[{"name":"wp","href":"https:\/\/api.w.org\/{rel}","templated":true}]}}