{"id":6226,"date":"2020-07-24T13:49:36","date_gmt":"2020-07-24T16:49:36","guid":{"rendered":"http:\/\/dgospel.com.br\/portal\/?p=6226"},"modified":"2020-07-24T16:02:53","modified_gmt":"2020-07-24T19:02:53","slug":"maior-estudo-brasileiro-nao-diz-que-cloroquina-e-ineficaz","status":"publish","type":"post","link":"https:\/\/dgospel.com.br\/portal\/index.php\/2020\/07\/24\/maior-estudo-brasileiro-nao-diz-que-cloroquina-e-ineficaz\/","title":{"rendered":"\u201cMaior estudo brasileiro\u201d n\u00e3o diz que cloroquina \u00e9 ineficaz"},"content":{"rendered":"\n<p> Ao longo desta semana, um estudo brasileiro sobre o uso da hidroxicloroquina em pacientes com grau leve e moderado de Covid-19 chamou bastante aten\u00e7\u00e3o e causou grande repercuss\u00e3o, especialmente entre ve\u00edculos de imprensa, por supostamente atestar a inefic\u00e1cia do medicamento em pacientes da doen\u00e7a. Entretanto, apesar de diversas manchetes estamparem tal conclus\u00e3o, o pr\u00f3prio texto da pesquisa publicada no peri\u00f3dico cient\u00edfico&nbsp;<em>The New England Journal of Medicine<\/em>&nbsp;desmente o fato.<\/p>\n\n\n\n<p> Nos conte\u00fados divulgados, h\u00e1 a cita\u00e7\u00e3o ao fato de que os autores n\u00e3o encontraram diferen\u00e7as entre os efeitos do uso de hidroxicloroquina sozinha ou com azitromicina em compara\u00e7\u00e3o aos pacientes que n\u00e3o receberam os rem\u00e9dios, do denominado grupo-controle. A informa\u00e7\u00e3o, de fato, \u00e9 verdadeira, por\u00e9m os pesquisadores citam no estudo que a pesquisa teve v\u00e1rias \u201climita\u00e7\u00f5es\u201d, o que n\u00e3o foi citado por grande parte das reportagens publicadas sobre a an\u00e1lise.  <\/p>\n\n\n\n<p>\u00c9 nesse momento, quando elenca a primeira dessas limita\u00e7\u00f5es, que o estudo diz que \u201cembora a estimativa pontual do efeito n\u00e3o sugira nenhuma diferen\u00e7a importante entre os grupos em rela\u00e7\u00e3o ao resultado prim\u00e1rio, o estudo n\u00e3o pode excluir definitivamente um benef\u00edcio substancial dos medicamentos do estudo (hidroxicloroquina e azitromicina) ou um dano substancial\u201d. Ou seja, os pr\u00f3prios pesquisadores afirmam que n\u00e3o \u00e9 poss\u00edvel concluir que o f\u00e1rmaco seja \u201cineficaz\u201d como afirmam os ve\u00edculos de imprensa.<\/p>\n\n\n\n<p>Al\u00e9m desse ponto, o estudo ainda elenca outros fatores limitantes que podem ter contribu\u00eddo para o resultado, e que n\u00e3o foram tornados p\u00fablicos nas reportagens, como o fato de que o julgamento n\u00e3o foi cego, ou seja, tanto os participantes quanto os pesquisadores sabiam o que estava sendo aplicado e em quem estava sendo aplicado. Incluso a isso, a an\u00e1lise registrou desvios ao protocolo de tratamento por conta da falta de medicamentos.<\/p>\n\n\n\n<p>O estudo tamb\u00e9m reconhece que, por incluir entre os analisados pessoas com 14 dias ap\u00f3s o in\u00edcio das sintomas, \u201c\u00e9 conceb\u00edvel que interven\u00e7\u00f5es que possam limitar a replica\u00e7\u00e3o viral (por exemplo, hidroxicloroquina) possam ser mais efetivas mais cedo no curso da doen\u00e7a\u201d. Para conferir o estudo na \u00edntegra, em sua vers\u00e3o original em ingl\u00eas, \u00e9 s\u00f3&nbsp;<a href=\"https:\/\/www.nejm.org\/doi\/full\/10.1056\/NEJMoa2019014\" target=\"_blank\" rel=\"noreferrer noopener\">acessar o link<\/a>.<\/p>\n\n\n\n<p><strong>SOBRE O ESTUDO<br><\/strong>Chamado originalmente de&nbsp;<em>Hydroxychloroquine with or without Azithromycin in Mild-to-Moderate Covid-19<\/em>, cuja tradu\u00e7\u00e3o para o portugu\u00eas \u00e9 Hidroxicloroquina com ou sem Azitromicina em Covid-19 leve a moderado, o estudo analisou 667 pacientes com quadros leves ou moderados da doen\u00e7a. Eles foram atendidos em 55 hospitais brasileiros. Por sorteio, os pacientes foram divididos em tr\u00eas grupos: um com 217 pacientes recebeu hidroxicloroquina e azitromicina, outro com 221 pacientes recebeu hidroxicloroquina e o terceiro, com 227 pacientes, apenas suporte cl\u00ednico padr\u00e3o.<\/p>\n\n\n\n<p>A pesquisa, revisada por outros cientistas, foi publicada na quinta-feira (23) no peri\u00f3dico&nbsp;<em>The New England Journal of Medicine&nbsp;<\/em>e integrou pesquisadores de locais como o Hospital Israelita Albert Einstein, HCor, Hospital S\u00edrio-Liban\u00eas, Hospital Moinhos de Vento, Hospital Alem\u00e3o Oswaldo Cruz, BP \u2013 A Benefic\u00eancia Portuguesa de S\u00e3o Paulo, o Brazilian Clinical Research Institute (BCRI) e Rede Brasileira de Pesquisa em Terapia Intensiva (BRICNet).<\/p>\n\n\n\n<p><\/p>\n","protected":false},"excerpt":{"rendered":"<p>Ao longo desta semana, um estudo brasileiro sobre o uso da hidroxicloroquina em pacientes com grau leve e moderado de Covid-19 chamou bastante aten\u00e7\u00e3o e causou grande repercuss\u00e3o, especialmente entre ve\u00edculos de imprensa, por supostamente atestar a inefic\u00e1cia do medicamento em pacientes da doen\u00e7a. Entretanto, apesar de diversas manchetes estamparem tal conclus\u00e3o, o pr\u00f3prio texto [&hellip;]<\/p>\n","protected":false},"author":2,"featured_media":6227,"comment_status":"open","ping_status":"open","sticky":false,"template":"","format":"standard","meta":[],"categories":[16,1],"tags":[14],"_links":{"self":[{"href":"https:\/\/dgospel.com.br\/portal\/index.php\/wp-json\/wp\/v2\/posts\/6226"}],"collection":[{"href":"https:\/\/dgospel.com.br\/portal\/index.php\/wp-json\/wp\/v2\/posts"}],"about":[{"href":"https:\/\/dgospel.com.br\/portal\/index.php\/wp-json\/wp\/v2\/types\/post"}],"author":[{"embeddable":true,"href":"https:\/\/dgospel.com.br\/portal\/index.php\/wp-json\/wp\/v2\/users\/2"}],"replies":[{"embeddable":true,"href":"https:\/\/dgospel.com.br\/portal\/index.php\/wp-json\/wp\/v2\/comments?post=6226"}],"version-history":[{"count":2,"href":"https:\/\/dgospel.com.br\/portal\/index.php\/wp-json\/wp\/v2\/posts\/6226\/revisions"}],"predecessor-version":[{"id":6234,"href":"https:\/\/dgospel.com.br\/portal\/index.php\/wp-json\/wp\/v2\/posts\/6226\/revisions\/6234"}],"wp:featuredmedia":[{"embeddable":true,"href":"https:\/\/dgospel.com.br\/portal\/index.php\/wp-json\/wp\/v2\/media\/6227"}],"wp:attachment":[{"href":"https:\/\/dgospel.com.br\/portal\/index.php\/wp-json\/wp\/v2\/media?parent=6226"}],"wp:term":[{"taxonomy":"category","embeddable":true,"href":"https:\/\/dgospel.com.br\/portal\/index.php\/wp-json\/wp\/v2\/categories?post=6226"},{"taxonomy":"post_tag","embeddable":true,"href":"https:\/\/dgospel.com.br\/portal\/index.php\/wp-json\/wp\/v2\/tags?post=6226"}],"curies":[{"name":"wp","href":"https:\/\/api.w.org\/{rel}","templated":true}]}}