{"id":623,"date":"2018-06-25T09:22:24","date_gmt":"2018-06-25T12:22:24","guid":{"rendered":"http:\/\/dgospel.com.br\/portal\/?p=623"},"modified":"2018-06-25T09:22:24","modified_gmt":"2018-06-25T12:22:24","slug":"votos-brancos-nulos-e-abstencoes-batem-recorde-no-tocantins","status":"publish","type":"post","link":"https:\/\/dgospel.com.br\/portal\/index.php\/2018\/06\/25\/votos-brancos-nulos-e-abstencoes-batem-recorde-no-tocantins\/","title":{"rendered":"Votos brancos, nulos e absten\u00e7\u00f5es batem recorde no Tocantins"},"content":{"rendered":"<p>A soma de votos brancos, nulos e absten\u00e7\u00f5es novamente foi expressiva na elei\u00e7\u00e3o suplementar para o governo do Tocantins. Ao todo, 51,83% dos eleitores n\u00e3o escolheram nenhum dos candidatos no segundo turno, realizado neste domingo (24). Esse percentual representa 527.868 eleitores e superou a soma dos votos conquistados pelos dois candidatos (490.461).<\/p>\n<p>No primeiro turno,\u00a0<a href=\"https:\/\/g1.globo.com\/to\/tocantins\/eleicao-suplementar\/2018\/noticia\/votos-brancos-nulos-e-abstencoes-sao-quase-metade-do-eleitorado-no-tocantins.ghtml\">quase metade dos eleitores n\u00e3o optou por nenhuma das candidaturas<\/a>. A absten\u00e7\u00e3o, somada de votos brancos e nulos, chegou a 43,54% dos votos no dia 3 de outubro. O n\u00famero tamb\u00e9m \u00e9 muito superior ao registrado na \u00faltima elei\u00e7\u00e3o regular para governador, em 2014. Na \u00e9poca, os\u00a0<a href=\"http:\/\/g1.globo.com\/to\/tocantins\/noticia\/2014\/10\/votos-brancos-nulos-e-abstencoes-passam-de-30-em-eleicao-no.html\">\u00edndices somados chegaram a 31,84% do eleitorado<\/a>.<\/p>\n<p>Segundo o Tribunal Regional Eleitoral (TRE), neste domingo, a absten\u00e7\u00e3o chegou a 355.032 mil eleitores. Al\u00e9m disso, 17.209 votaram em branco e 155.627 preferiram anular o voto.<\/p>\n<p>Apesar dos n\u00fameros, Mauro Carlesse (PHS)\u00a0<a href=\"https:\/\/g1.globo.com\/to\/tocantins\/eleicao-suplementar\/2018\/noticia\/mauro-carlesse-e-eleito-governador-do-tocantins-para-o-mandato-tampao.ghtml\">foi eleito no segundo turno com 75,14% votos v\u00e1lidos<\/a>, 368.553. Vicentinho ficou em segundo com 24,86% dos votos v\u00e1lidos, 121.908. A apura\u00e7\u00e3o do TRE terminou por volta de 19h20 do domingo (24).<\/p>\n<p>A elei\u00e7\u00e3o suplementar foi convocada ap\u00f3s a cassa\u00e7\u00e3o do ex-governador Marcelo Miranda (MDB) e da vice dele, Cl\u00e1udia Lelis (PV). Os dois foram considerados culpados por capta\u00e7\u00e3o ilegal de recursos para a campanha eleitoral de 2014 pelo Tribunal Superior Eleitoral.<\/p>\n<p>Carlesse vai ficar no cargo at\u00e9 31 de dezembro e pode concorrer \u00e0 reelei\u00e7\u00e3o em outubro.<\/p>\n<p>&nbsp;<\/p>\n","protected":false},"excerpt":{"rendered":"<p>A soma de votos brancos, nulos e absten\u00e7\u00f5es novamente foi expressiva na elei\u00e7\u00e3o suplementar para o governo do Tocantins. Ao todo, 51,83% dos eleitores n\u00e3o escolheram nenhum dos candidatos no segundo turno, realizado neste domingo (24). Esse percentual representa 527.868 eleitores e superou a soma dos votos conquistados pelos dois candidatos (490.461). No primeiro turno,\u00a0quase [&hellip;]<\/p>\n","protected":false},"author":2,"featured_media":582,"comment_status":"open","ping_status":"open","sticky":false,"template":"","format":"standard","meta":[],"categories":[2,4],"tags":[],"_links":{"self":[{"href":"https:\/\/dgospel.com.br\/portal\/index.php\/wp-json\/wp\/v2\/posts\/623"}],"collection":[{"href":"https:\/\/dgospel.com.br\/portal\/index.php\/wp-json\/wp\/v2\/posts"}],"about":[{"href":"https:\/\/dgospel.com.br\/portal\/index.php\/wp-json\/wp\/v2\/types\/post"}],"author":[{"embeddable":true,"href":"https:\/\/dgospel.com.br\/portal\/index.php\/wp-json\/wp\/v2\/users\/2"}],"replies":[{"embeddable":true,"href":"https:\/\/dgospel.com.br\/portal\/index.php\/wp-json\/wp\/v2\/comments?post=623"}],"version-history":[{"count":1,"href":"https:\/\/dgospel.com.br\/portal\/index.php\/wp-json\/wp\/v2\/posts\/623\/revisions"}],"predecessor-version":[{"id":624,"href":"https:\/\/dgospel.com.br\/portal\/index.php\/wp-json\/wp\/v2\/posts\/623\/revisions\/624"}],"wp:featuredmedia":[{"embeddable":true,"href":"https:\/\/dgospel.com.br\/portal\/index.php\/wp-json\/wp\/v2\/media\/582"}],"wp:attachment":[{"href":"https:\/\/dgospel.com.br\/portal\/index.php\/wp-json\/wp\/v2\/media?parent=623"}],"wp:term":[{"taxonomy":"category","embeddable":true,"href":"https:\/\/dgospel.com.br\/portal\/index.php\/wp-json\/wp\/v2\/categories?post=623"},{"taxonomy":"post_tag","embeddable":true,"href":"https:\/\/dgospel.com.br\/portal\/index.php\/wp-json\/wp\/v2\/tags?post=623"}],"curies":[{"name":"wp","href":"https:\/\/api.w.org\/{rel}","templated":true}]}}