{"id":6238,"date":"2020-07-24T16:22:16","date_gmt":"2020-07-24T19:22:16","guid":{"rendered":"http:\/\/dgospel.com.br\/portal\/?p=6238"},"modified":"2020-07-24T16:22:18","modified_gmt":"2020-07-24T19:22:18","slug":"a-morte-so-nao-me-levou-porque-minha-mae-estava-orando-conta-andressa-urach","status":"publish","type":"post","link":"https:\/\/dgospel.com.br\/portal\/index.php\/2020\/07\/24\/a-morte-so-nao-me-levou-porque-minha-mae-estava-orando-conta-andressa-urach\/","title":{"rendered":"\u201cA morte s\u00f3 n\u00e3o me levou porque minha m\u00e3e estava orando\u201d, conta Andressa Urach"},"content":{"rendered":"\n<p>Na manh\u00e3 desta sexta-feira, o site Metr\u00f3pole publicou em seu canal do YouTube uma entrevista que o jornalista L\u00e9o Dias fez com ex-modelo e apresentadora (atualmente escritora)&nbsp;<strong><a href=\"https:\/\/guiame.com.br\/gospel\/noticias\/nao-preciso-mais-da-fama-jesus-me-completa-diz-andressa-urach.html\">Andressa Urach<\/a><\/strong>. Durante a conversa de cerca de meia hora, a ga\u00facha compartilhou mais detalhes sobre o seu passado e tamb\u00e9m sobre seu testemunho de transforma\u00e7\u00e3o de vida, ap\u00f3s sua convers\u00e3o ao Evangelho.<\/p>\n\n\n\n<p>Logo no in\u00edcio da entrevista, L\u00e9o Dias questionou Andressa sobre a falta de credibilidade que a convers\u00e3o dela teve para muitas pessoas, que a acusaram de usar a hist\u00f3ria de sua experi\u00eancia de quase morte como uma estrat\u00e9gia de marketing para se promover na m\u00eddia.<\/p>\n\n\n\n<p> A ex-modelo explicou que entende tantos julgamentos sobre ela, justamente porque ela mesma julgou diversas pessoas que surgiam com testemunhos semelhantes aos dela. <\/p>\n\n\n\n<figure class=\"wp-block-embed-youtube wp-block-embed is-type-video is-provider-youtube wp-embed-aspect-16-9 wp-has-aspect-ratio\"><div class=\"wp-block-embed__wrapper\">\n<iframe loading=\"lazy\" title=\"Leo Dias entrevista Andressa Urach\" width=\"630\" height=\"354\" src=\"https:\/\/www.youtube.com\/embed\/Jema6u32uMU?feature=oembed\" frameborder=\"0\" allow=\"accelerometer; autoplay; encrypted-media; gyroscope; picture-in-picture\" allowfullscreen><\/iframe>\n<\/div><\/figure>\n\n\n\n<p>&#8220;\u00c9 normal, L\u00e9o. Sabe por que? Antes de conhecer a Deus, antes de conhecer o Senhor Jesus, eu tamb\u00e9m falava. E eu entendo perfeitamente essas pessoas, porque eu dizia assim: \u2018Ah, aprontou, aprontou, agora se esconde atr\u00e1s da B\u00edblia\u2019. Ent\u00e3o, isso que as pessoas falam, eu falava, porque eu n\u00e3o conhecia a Deus\u201d, contou.<\/p>\n\n\n\n<p>\u201cNo fundo eu tinha m\u00e1goa de Deus, porque eu fui abusada sexualmente na inf\u00e2ncia. Eu pensava: \u2018Onde estava Deus, que me deixou ser abusada?\u2019. Ent\u00e3o, eu tinha muita raiva, muito \u00f3dio no meu cora\u00e7\u00e3o, tinha sede de vingan\u00e7a. Eu dizia: \u2018Que Deus? Deus \u00e9 o meu bra\u00e7o, que levanta todo dia para trabalhar\u201d, acrescentou.<\/p>\n\n\n\n<p><strong>Passado<\/strong><\/p>\n\n\n\n<p>O jornalista tamb\u00e9m perguntou sobre como ela lida com o passado atualmente, j\u00e1 que busca mostrar uma transforma\u00e7\u00e3o de vida.<\/p>\n\n\n\n<p>\u201cO&nbsp;<strong><a href=\"https:\/\/guiame.com.br\/gospel\/noticias\/andressa-urach-diz-que-carnaval-e-uma-mentira-buraco-que-so-deus-pode-completar.html\">passado<\/a><\/strong>&nbsp;\u00e9 lugar de refer\u00eancia, mas n\u00e3o de perman\u00eancia. Ficou para tr\u00e1s, aprendi, errei, n\u00e3o posso mudar, me arrependo muito. Se eu pudesse mudar [o passado], eu mudava, mas n\u00e3o posso\u201d, disse. \u201cMas eu tamb\u00e9m n\u00e3o posso me culpar. A culpa vem, mas eu precisei me perdoar\u201d.<\/p>\n\n\n\n<p>Andressa ressaltou o porqu\u00ea de sentir vergonha de seu passado e de at\u00e9 hoje sentir-se arrependida. Mas que hoje entende que em Jesus sua vida se tornou plena.<\/p>\n\n\n\n<p>\u201cEu buscava a morte, bebia para esquecer, preenchia o meu vazio com coisas e pessoas. Eu bebia todos os dias. Eu cheirava coca\u00edna todos os dias, para buscar a felicidade. Hoje eu sou feliz, n\u00e3o preciso de coca\u00edna, n\u00e3o preciso prostitui\u00e7\u00e3o, n\u00e3o preciso do dinheiro que eu tinha\u201d, afirmou.<\/p>\n\n\n\n<p><strong>Convers\u00e3o<\/strong><\/p>\n\n\n\n<p>Ao falar sobre sua experi\u00eancia que a levou a ver a morte de muito perto, Andressa destacou que naquela cama de hospital reconheceu seus pecados e pediu a Deus uma segunda chance.<\/p>\n\n\n\n<p>\u201cMeu Deus! Fiz tudo isso de errado! N\u00e3o mere\u00e7o, n\u00e3o sou digna de Deus. Eu n\u00e3o tinha aceitado Jesus em vida que seria o meu advogado. Jesus veio salvar os pecadores, das quais eu sou a pior. Eu sou a pior, n\u00e3o sou digna de Deus. Naquele momento eu n\u00e3o era digna Dele e Ele teve miseric\u00f3rdia de mim. Eu fui um lixo, fui podre, fui um ser humano nojento, n\u00e3o merecia uma segunda chance. Mas eu disse: \u2018Deus, me d\u00e1 uma segunda chance, deixa eu cuidar do meu filho, eu vou falar para todo mundo que o Senhor \u00e9 vivo\u2019\u201d, contou a ex-modelo.<\/p>\n\n\n\n<p>\u201cEu lembro que senti aquele perd\u00e3o dentro de mim e voltei para o meu corpo. Quando eu voltei, respirei e vi esp\u00edritos ruins. Eu vi o esp\u00edrito da morte, ele veio pegar a minha alma. E eu agrade\u00e7o a Deus por ter visto isso, porque isso n\u00e3o deixa eu retornar a o que eu era\u201d, acrescentou Andressa, j\u00e1 com l\u00e1grimas nos olhos.<\/p>\n\n\n\n<p><strong>Poder de Deus na ora\u00e7\u00e3o<\/strong><\/p>\n\n\n\n<p>Urach tamb\u00e9m destacou a import\u00e2ncia da ora\u00e7\u00e3o tamb\u00e9m em momentos de grande afli\u00e7\u00e3o, ao lembrar de sua m\u00e3e, que intercedeu por ela, incansavelmente ao lado de sua cama, no hospital.<\/p>\n\n\n\n<p>\u201cO Esp\u00edrito da morte s\u00f3 n\u00e3o me levou, porque a minha m\u00e3e estava orando do lado da minha cama. Uma ora\u00e7\u00e3o salva uma pessoa. Eu passei por mais de 22 cirurgias de emerg\u00eancia para retirar esse produto do meu corpo. Eu gemi demais, paguei pelo o que eu fiz\u201d, relato.<\/p>\n\n\n\n<p>Clique no v\u00eddeo acima para conferir a live completa.<\/p>\n\n\n\n<p>\n\nFONTE: GUIAME, COM INFORMA\u00c7\u00d5ES DO METR\u00d3POLE\n\n<\/p>\n","protected":false},"excerpt":{"rendered":"<p>Na manh\u00e3 desta sexta-feira, o site Metr\u00f3pole publicou em seu canal do YouTube uma entrevista que o jornalista L\u00e9o Dias fez com ex-modelo e apresentadora (atualmente escritora)&nbsp;Andressa Urach. Durante a conversa de cerca de meia hora, a ga\u00facha compartilhou mais detalhes sobre o seu passado e tamb\u00e9m sobre seu testemunho de transforma\u00e7\u00e3o de vida, ap\u00f3s [&hellip;]<\/p>\n","protected":false},"author":2,"featured_media":6239,"comment_status":"open","ping_status":"open","sticky":false,"template":"","format":"standard","meta":[],"categories":[17,5],"tags":[],"_links":{"self":[{"href":"https:\/\/dgospel.com.br\/portal\/index.php\/wp-json\/wp\/v2\/posts\/6238"}],"collection":[{"href":"https:\/\/dgospel.com.br\/portal\/index.php\/wp-json\/wp\/v2\/posts"}],"about":[{"href":"https:\/\/dgospel.com.br\/portal\/index.php\/wp-json\/wp\/v2\/types\/post"}],"author":[{"embeddable":true,"href":"https:\/\/dgospel.com.br\/portal\/index.php\/wp-json\/wp\/v2\/users\/2"}],"replies":[{"embeddable":true,"href":"https:\/\/dgospel.com.br\/portal\/index.php\/wp-json\/wp\/v2\/comments?post=6238"}],"version-history":[{"count":1,"href":"https:\/\/dgospel.com.br\/portal\/index.php\/wp-json\/wp\/v2\/posts\/6238\/revisions"}],"predecessor-version":[{"id":6240,"href":"https:\/\/dgospel.com.br\/portal\/index.php\/wp-json\/wp\/v2\/posts\/6238\/revisions\/6240"}],"wp:featuredmedia":[{"embeddable":true,"href":"https:\/\/dgospel.com.br\/portal\/index.php\/wp-json\/wp\/v2\/media\/6239"}],"wp:attachment":[{"href":"https:\/\/dgospel.com.br\/portal\/index.php\/wp-json\/wp\/v2\/media?parent=6238"}],"wp:term":[{"taxonomy":"category","embeddable":true,"href":"https:\/\/dgospel.com.br\/portal\/index.php\/wp-json\/wp\/v2\/categories?post=6238"},{"taxonomy":"post_tag","embeddable":true,"href":"https:\/\/dgospel.com.br\/portal\/index.php\/wp-json\/wp\/v2\/tags?post=6238"}],"curies":[{"name":"wp","href":"https:\/\/api.w.org\/{rel}","templated":true}]}}