{"id":6244,"date":"2020-07-27T12:46:45","date_gmt":"2020-07-27T15:46:45","guid":{"rendered":"http:\/\/dgospel.com.br\/portal\/?p=6244"},"modified":"2020-07-27T12:46:48","modified_gmt":"2020-07-27T15:46:48","slug":"governo-do-tocantins-cumpre-meta-de-vacinacao-contra-influenza","status":"publish","type":"post","link":"https:\/\/dgospel.com.br\/portal\/index.php\/2020\/07\/27\/governo-do-tocantins-cumpre-meta-de-vacinacao-contra-influenza\/","title":{"rendered":"Governo do Tocantins cumpre meta de vacina\u00e7\u00e3o contra influenza"},"content":{"rendered":"\n<p>A meta sugerida pelo Minist\u00e9rio da Sa\u00fade (MS) era a imuniza\u00e7\u00e3o de 90% das pessoas dos grupos priorit\u00e1rios. Ap\u00f3s a \u00faltima prorroga\u00e7\u00e3o da Campanha, que tinha prazo v\u00e1lido at\u00e9 essa&nbsp;sexta-feira, 24, o Estado do Tocantins alcan\u00e7ou, em tempo h\u00e1bil, a imuniza\u00e7\u00e3o de 90,62% da popula\u00e7\u00e3o.<\/p>\n\n\n\n<p>Para a enfermeira da Ger\u00eancia de Imuniza\u00e7\u00e3o da Secretaria da Sa\u00fade do Tocantins (SES), Diandra Rocha, esse momento \u00e9 muito importante para a sa\u00fade, por ser uma prote\u00e7\u00e3o a mais para a popula\u00e7\u00e3o. &#8220;Nosso objetivo enquanto profissionais da Sa\u00fade \u00e9 imunizar ao m\u00e1ximo as pessoas elencadas nos grupos priorit\u00e1rios, por sabermos das suas vulnerabilidades acerca da doen\u00e7a e, mesmo com todo o esfor\u00e7o e com a meta alcan\u00e7ada, vamos continuar trabalhando para alcan\u00e7armos ainda mais pessoas para que possamos garantir mais ainda essa prote\u00e7\u00e3o para a popula\u00e7\u00e3o\u201d, afirma.<\/p>\n\n\n\n<p>O Minist\u00e9rio da Sa\u00fade divulgou na \u00faltima quinta-feira, 23, mais uma prorroga\u00e7\u00e3o da campanha, que vai at\u00e9 o dia 31 de agosto, a fim de alcan\u00e7ar o maior n\u00famero poss\u00edvel de pessoas imunizadas. Segundo o Minist\u00e9rio, a vacina \u00e9 segura e reduz as chances de complica\u00e7\u00f5es que podem levar a casos graves da doen\u00e7a e \u00f3bitos.<\/p>\n\n\n\n<p>A SES&nbsp;tamb\u00e9m destaca que parte dos grupos priorit\u00e1rios que se encontravam abaixo da meta, como idosos, trabalhadores da sa\u00fade e ind\u00edgenas, foram alcan\u00e7ados. Entretanto, o resultado permanece abaixo do esperado para crian\u00e7as de seis meses a seis anos, gestantes, pu\u00e9rperas e adultos de 55 a 59 anos, esperando que com essa nova prorroga\u00e7\u00e3o o Estado possa alcan\u00e7ar a meta nestes grupos.<\/p>\n\n\n\n<p>As vacinas seguem disponibilizadas nos postos de sa\u00fade at\u00e9 o fim da campanha,&nbsp;tanto&nbsp;para a popula\u00e7\u00e3o que integra o grupo priorit\u00e1rio, quanto&nbsp;para o p\u00fablico em geral.<\/p>\n","protected":false},"excerpt":{"rendered":"<p>A meta sugerida pelo Minist\u00e9rio da Sa\u00fade (MS) era a imuniza\u00e7\u00e3o de 90% das pessoas dos grupos priorit\u00e1rios. Ap\u00f3s a \u00faltima prorroga\u00e7\u00e3o da Campanha, que tinha prazo v\u00e1lido at\u00e9 essa&nbsp;sexta-feira, 24, o Estado do Tocantins alcan\u00e7ou, em tempo h\u00e1bil, a imuniza\u00e7\u00e3o de 90,62% da popula\u00e7\u00e3o. Para a enfermeira da Ger\u00eancia de Imuniza\u00e7\u00e3o da Secretaria da [&hellip;]<\/p>\n","protected":false},"author":2,"featured_media":0,"comment_status":"open","ping_status":"open","sticky":false,"template":"","format":"standard","meta":[],"categories":[3],"tags":[13],"_links":{"self":[{"href":"https:\/\/dgospel.com.br\/portal\/index.php\/wp-json\/wp\/v2\/posts\/6244"}],"collection":[{"href":"https:\/\/dgospel.com.br\/portal\/index.php\/wp-json\/wp\/v2\/posts"}],"about":[{"href":"https:\/\/dgospel.com.br\/portal\/index.php\/wp-json\/wp\/v2\/types\/post"}],"author":[{"embeddable":true,"href":"https:\/\/dgospel.com.br\/portal\/index.php\/wp-json\/wp\/v2\/users\/2"}],"replies":[{"embeddable":true,"href":"https:\/\/dgospel.com.br\/portal\/index.php\/wp-json\/wp\/v2\/comments?post=6244"}],"version-history":[{"count":1,"href":"https:\/\/dgospel.com.br\/portal\/index.php\/wp-json\/wp\/v2\/posts\/6244\/revisions"}],"predecessor-version":[{"id":6245,"href":"https:\/\/dgospel.com.br\/portal\/index.php\/wp-json\/wp\/v2\/posts\/6244\/revisions\/6245"}],"wp:attachment":[{"href":"https:\/\/dgospel.com.br\/portal\/index.php\/wp-json\/wp\/v2\/media?parent=6244"}],"wp:term":[{"taxonomy":"category","embeddable":true,"href":"https:\/\/dgospel.com.br\/portal\/index.php\/wp-json\/wp\/v2\/categories?post=6244"},{"taxonomy":"post_tag","embeddable":true,"href":"https:\/\/dgospel.com.br\/portal\/index.php\/wp-json\/wp\/v2\/tags?post=6244"}],"curies":[{"name":"wp","href":"https:\/\/api.w.org\/{rel}","templated":true}]}}