{"id":6246,"date":"2020-07-27T12:50:42","date_gmt":"2020-07-27T15:50:42","guid":{"rendered":"http:\/\/dgospel.com.br\/portal\/?p=6246"},"modified":"2020-07-27T12:50:59","modified_gmt":"2020-07-27T15:50:59","slug":"bolsonaro-volta-a-despachar-do-planalto-estou-imunizado","status":"publish","type":"post","link":"https:\/\/dgospel.com.br\/portal\/index.php\/2020\/07\/27\/bolsonaro-volta-a-despachar-do-planalto-estou-imunizado\/","title":{"rendered":"Bolsonaro volta a despachar do Planalto: \u2018Estou imunizado\u2019"},"content":{"rendered":"\n<p> Depois de 20 dias em isolamento e trabalhando do Pal\u00e1cio da Alvorada, o presidente Jair Bolsonaro retomou as atividades no Pal\u00e1cio do Planalto nesta segunda-feira (27). Em conversa com apoiadores que estavam no Alvorada, Bolsonaro usou m\u00e1scara e evitou apertos de m\u00e3o.  \u2013 Estou imunizado j\u00e1, mas evito o contato \u2013 afirmou. <\/p>\n\n\n\n<p>Jair Bolsonaro ir\u00e1 se reunir hoje com os ministros Paulo Guedes, da Economia, e Fernando Azevedo, da Defesa. Uma das pautas a ser tratada com Guedes \u00e9 o socorro emergencial a micro e pequenos empres\u00e1rios.<\/p>\n\n\n\n<p>No \u00faltimo s\u00e1bado (25), o presidente Jair Bolsonaro anunciou que seu exame para a Covid-19 deu negativo. Ele fez tratamento com hidroxicloroquina e Annita.<\/p>\n\n\n\n<p>Fonte: pleno.news<\/p>\n","protected":false},"excerpt":{"rendered":"<p>Depois de 20 dias em isolamento e trabalhando do Pal\u00e1cio da Alvorada, o presidente Jair Bolsonaro retomou as atividades no Pal\u00e1cio do Planalto nesta segunda-feira (27). Em conversa com apoiadores que estavam no Alvorada, Bolsonaro usou m\u00e1scara e evitou apertos de m\u00e3o. \u2013 Estou imunizado j\u00e1, mas evito o contato \u2013 afirmou. Jair Bolsonaro ir\u00e1 [&hellip;]<\/p>\n","protected":false},"author":2,"featured_media":6247,"comment_status":"open","ping_status":"open","sticky":false,"template":"","format":"standard","meta":[],"categories":[4],"tags":[13,14],"_links":{"self":[{"href":"https:\/\/dgospel.com.br\/portal\/index.php\/wp-json\/wp\/v2\/posts\/6246"}],"collection":[{"href":"https:\/\/dgospel.com.br\/portal\/index.php\/wp-json\/wp\/v2\/posts"}],"about":[{"href":"https:\/\/dgospel.com.br\/portal\/index.php\/wp-json\/wp\/v2\/types\/post"}],"author":[{"embeddable":true,"href":"https:\/\/dgospel.com.br\/portal\/index.php\/wp-json\/wp\/v2\/users\/2"}],"replies":[{"embeddable":true,"href":"https:\/\/dgospel.com.br\/portal\/index.php\/wp-json\/wp\/v2\/comments?post=6246"}],"version-history":[{"count":1,"href":"https:\/\/dgospel.com.br\/portal\/index.php\/wp-json\/wp\/v2\/posts\/6246\/revisions"}],"predecessor-version":[{"id":6248,"href":"https:\/\/dgospel.com.br\/portal\/index.php\/wp-json\/wp\/v2\/posts\/6246\/revisions\/6248"}],"wp:featuredmedia":[{"embeddable":true,"href":"https:\/\/dgospel.com.br\/portal\/index.php\/wp-json\/wp\/v2\/media\/6247"}],"wp:attachment":[{"href":"https:\/\/dgospel.com.br\/portal\/index.php\/wp-json\/wp\/v2\/media?parent=6246"}],"wp:term":[{"taxonomy":"category","embeddable":true,"href":"https:\/\/dgospel.com.br\/portal\/index.php\/wp-json\/wp\/v2\/categories?post=6246"},{"taxonomy":"post_tag","embeddable":true,"href":"https:\/\/dgospel.com.br\/portal\/index.php\/wp-json\/wp\/v2\/tags?post=6246"}],"curies":[{"name":"wp","href":"https:\/\/api.w.org\/{rel}","templated":true}]}}