{"id":6255,"date":"2020-07-27T16:56:14","date_gmt":"2020-07-27T19:56:14","guid":{"rendered":"http:\/\/dgospel.com.br\/portal\/?p=6255"},"modified":"2020-07-27T16:56:15","modified_gmt":"2020-07-27T19:56:15","slug":"bombeiros-militares-resgatam-corpos-de-tres-vitimas-de-afogamento-em-diferentes-regioes-do-tocantins","status":"publish","type":"post","link":"https:\/\/dgospel.com.br\/portal\/index.php\/2020\/07\/27\/bombeiros-militares-resgatam-corpos-de-tres-vitimas-de-afogamento-em-diferentes-regioes-do-tocantins\/","title":{"rendered":"Bombeiros militares resgatam corpos de tr\u00eas v\u00edtimas de afogamento em diferentes regi\u00f5es do Tocantins"},"content":{"rendered":"\n<p>Mergulhadores do Corpo de Bombeiros Militar (CBM) atuaram em tr\u00eas resgates de v\u00edtimas de afogamentos no fim&nbsp;de semana, no Tocantins. Os n\u00fameros que j\u00e1 n\u00e3o eram baixos ficaram ainda maiores. Hoje, o Estado soma 41 mortes nesse tipo de ocorr\u00eancia. S\u00f3 na semana passada, foram quatro registros.<\/p>\n\n\n\n<p>Faltava pouco para as 17 horas, no domingo, 26, quando os mergulhadores do CBM foram acionados para resgatar o corpo de um rapaz de 25 anos, no C\u00f3rrego do M\u00f3ia, em Luzimangues. O distrito, que pertence ao munic\u00edpio de Porto Nacional, \u00e9 pr\u00f3ximo de Palmas.<\/p>\n\n\n\n<p>Segundo relatos, Lucas de Sousa Alves estava acompanhado de outras tr\u00eas pessoas, quando tentaram atravessar o C\u00f3rrego do M\u00f3ia. O rapaz come\u00e7ou a se afogar e submergiu, n\u00e3o retornando mais \u00e0 superf\u00edcie.<\/p>\n\n\n\n<p>Durante as buscas, os bombeiros militares observaram que o local tinha muitos galhos, troncos e pouca visibilidade, exigindo novas estrat\u00e9gias na execu\u00e7\u00e3o do trabalho. Por volta das 18h57, o corpo foi localizado a cerca de 4 metros de profundidade e a cerca de 50 metros da margem.<\/p>\n\n\n\n<p><strong>Porto Nacional<\/strong><\/p>\n\n\n\n<p>O afogamento em Porto Nacional s\u00f3 foi registrado \u00e0s 14 horas deste domingo; por\u00e9m, teria ocorrido \u00e0s 4 horas da madrugada. Conforme relataram os bombeiros, Vanderlan Xavier da Silva teria tido um surto e resolvido&nbsp;entrar na \u00e1gua. Foi quando se afogou e n\u00e3o voltou \u00e0 superf\u00edcie. Tr\u00eas pessoas que estavam com ele teriam tentado encontr\u00e1-lo, mas sem sucesso.<\/p>\n\n\n\n<p>Ao realizarem mergulhos no local onde ocorreu o afogamento, com profundidade de 2&nbsp;metros, os bombeiros militares encontraram o corpo do rapaz. O Instituto M\u00e9dico Legal assumiu o caso em seguida.<\/p>\n\n\n\n<p><strong>Muricil\u00e2ndia<\/strong><\/p>\n\n\n\n<p>Outro afogamento ocorreu no s\u00e1bado, 25, por volta das 19 horas, no Rio Murici. A v\u00edtima era Ant\u00f4nio Gomes da Silva, de 60 anos. Segundo informa\u00e7\u00f5es de testemunhas, ele estava pescando quando o barco virou e n\u00e3o foi mais&nbsp;visto.<\/p>\n\n\n\n<p>Moradores locais chegaram a fazer as buscas, mas sem sucesso. Ant\u00f4nio era morador do Assentamento Mata Azul, que fica a cerca de 20 km da cidade.<\/p>\n\n\n\n<p>Na manh\u00e3 do domingo, uma equipe de mergulhadores do Corpo de Bombeiros Militar de Aragua\u00edna executou buscas no local e encontrou&nbsp;o corpo, logo nas primeiras horas de a\u00e7\u00e3o. O Instituto de Medicina Legal (IML) e a Pol\u00edcia Militar&nbsp;(PM) foram acionados para as medidas legais do caso.<\/p>\n","protected":false},"excerpt":{"rendered":"<p>Mergulhadores do Corpo de Bombeiros Militar (CBM) atuaram em tr\u00eas resgates de v\u00edtimas de afogamentos no fim&nbsp;de semana, no Tocantins. Os n\u00fameros que j\u00e1 n\u00e3o eram baixos ficaram ainda maiores. Hoje, o Estado soma 41 mortes nesse tipo de ocorr\u00eancia. S\u00f3 na semana passada, foram quatro registros. Faltava pouco para as 17 horas, no domingo, [&hellip;]<\/p>\n","protected":false},"author":2,"featured_media":6256,"comment_status":"open","ping_status":"open","sticky":false,"template":"","format":"standard","meta":[],"categories":[3],"tags":[13],"_links":{"self":[{"href":"https:\/\/dgospel.com.br\/portal\/index.php\/wp-json\/wp\/v2\/posts\/6255"}],"collection":[{"href":"https:\/\/dgospel.com.br\/portal\/index.php\/wp-json\/wp\/v2\/posts"}],"about":[{"href":"https:\/\/dgospel.com.br\/portal\/index.php\/wp-json\/wp\/v2\/types\/post"}],"author":[{"embeddable":true,"href":"https:\/\/dgospel.com.br\/portal\/index.php\/wp-json\/wp\/v2\/users\/2"}],"replies":[{"embeddable":true,"href":"https:\/\/dgospel.com.br\/portal\/index.php\/wp-json\/wp\/v2\/comments?post=6255"}],"version-history":[{"count":1,"href":"https:\/\/dgospel.com.br\/portal\/index.php\/wp-json\/wp\/v2\/posts\/6255\/revisions"}],"predecessor-version":[{"id":6257,"href":"https:\/\/dgospel.com.br\/portal\/index.php\/wp-json\/wp\/v2\/posts\/6255\/revisions\/6257"}],"wp:featuredmedia":[{"embeddable":true,"href":"https:\/\/dgospel.com.br\/portal\/index.php\/wp-json\/wp\/v2\/media\/6256"}],"wp:attachment":[{"href":"https:\/\/dgospel.com.br\/portal\/index.php\/wp-json\/wp\/v2\/media?parent=6255"}],"wp:term":[{"taxonomy":"category","embeddable":true,"href":"https:\/\/dgospel.com.br\/portal\/index.php\/wp-json\/wp\/v2\/categories?post=6255"},{"taxonomy":"post_tag","embeddable":true,"href":"https:\/\/dgospel.com.br\/portal\/index.php\/wp-json\/wp\/v2\/tags?post=6255"}],"curies":[{"name":"wp","href":"https:\/\/api.w.org\/{rel}","templated":true}]}}