{"id":6258,"date":"2020-07-27T17:01:30","date_gmt":"2020-07-27T20:01:30","guid":{"rendered":"http:\/\/dgospel.com.br\/portal\/?p=6258"},"modified":"2020-07-27T17:02:00","modified_gmt":"2020-07-27T20:02:00","slug":"fundo-de-investimento-judaico-quer-ajudar-a-combater-a-seca-no-semiarido-brasileiro","status":"publish","type":"post","link":"https:\/\/dgospel.com.br\/portal\/index.php\/2020\/07\/27\/fundo-de-investimento-judaico-quer-ajudar-a-combater-a-seca-no-semiarido-brasileiro\/","title":{"rendered":"Fundo de investimento judaico quer ajudar a combater a seca no semi\u00e1rido brasileiro"},"content":{"rendered":"\n<p>Em conversas com investidores estrangeiros para viabilizar o Plano de Desenvolvimento do Semi\u00e1rido (PDS), os t\u00e9cnicos conversaram com um fundo de investimento judaico, ligado a \u201cgrandes fam\u00edlias de Israel\u201d, segundo informa\u00e7\u00f5es da revista Oeste.<\/p>\n\n\n\n<p>Os investidores tomaram conhecimento de todas as a\u00e7\u00f5es previstas para o semi\u00e1rido e mostraram interesse na concess\u00e3o de pelo menos um dos projetos de infraestrutura previstos no PDS. Eles perguntaram at\u00e9 se os valores informados, de um estudo do Banco Mundial de 2002, se aplicam atualmente.<\/p>\n\n\n\n<p>A informa\u00e7\u00e3o passada aos investidores \u00e9 que o aporte total continuaria pr\u00f3ximo de US$ 22,4 bilh\u00f5es. \u201cMas talvez at\u00e9 mais barato\u201d, afirmou a Oeste um interlocutor envolvido nas conversas.<\/p>\n\n\n\n<p>Uma das sugest\u00f5es \u00e9 que os investidores contratem o Ex\u00e9rcito Brasileiro para tocar a concess\u00e3o.<\/p>\n\n\n\n<p>Por se tratar de uma obra t\u00e3o estrat\u00e9gica, o fundo de investimento judaico gostou da ideia. \u201cEles t\u00eam mais seguran\u00e7a em contratar uma entidade de Estado do que uma entidade privada\u201d, disse outro t\u00e9cnico.<\/p>\n\n\n\n<p>\u201c\u00c9 semelhante aos Estados Unidos, onde o Ex\u00e9rcito americano \u00e9 o respons\u00e1vel por executar canais de distribui\u00e7\u00e3o, a um custo 40% mais baixo do que o do setor privado\u201d, explicou.<\/p>\n\n\n\n<p><strong>Fonte: Guia-me \/ com informa\u00e7\u00f5es Revista Oeste<\/strong><\/p>\n","protected":false},"excerpt":{"rendered":"<p>Em conversas com investidores estrangeiros para viabilizar o Plano de Desenvolvimento do Semi\u00e1rido (PDS), os t\u00e9cnicos conversaram com um fundo de investimento judaico, ligado a \u201cgrandes fam\u00edlias de Israel\u201d, segundo informa\u00e7\u00f5es da revista Oeste. Os investidores tomaram conhecimento de todas as a\u00e7\u00f5es previstas para o semi\u00e1rido e mostraram interesse na concess\u00e3o de pelo menos um [&hellip;]<\/p>\n","protected":false},"author":2,"featured_media":6259,"comment_status":"open","ping_status":"open","sticky":false,"template":"","format":"standard","meta":[],"categories":[16,1],"tags":[13],"_links":{"self":[{"href":"https:\/\/dgospel.com.br\/portal\/index.php\/wp-json\/wp\/v2\/posts\/6258"}],"collection":[{"href":"https:\/\/dgospel.com.br\/portal\/index.php\/wp-json\/wp\/v2\/posts"}],"about":[{"href":"https:\/\/dgospel.com.br\/portal\/index.php\/wp-json\/wp\/v2\/types\/post"}],"author":[{"embeddable":true,"href":"https:\/\/dgospel.com.br\/portal\/index.php\/wp-json\/wp\/v2\/users\/2"}],"replies":[{"embeddable":true,"href":"https:\/\/dgospel.com.br\/portal\/index.php\/wp-json\/wp\/v2\/comments?post=6258"}],"version-history":[{"count":1,"href":"https:\/\/dgospel.com.br\/portal\/index.php\/wp-json\/wp\/v2\/posts\/6258\/revisions"}],"predecessor-version":[{"id":6260,"href":"https:\/\/dgospel.com.br\/portal\/index.php\/wp-json\/wp\/v2\/posts\/6258\/revisions\/6260"}],"wp:featuredmedia":[{"embeddable":true,"href":"https:\/\/dgospel.com.br\/portal\/index.php\/wp-json\/wp\/v2\/media\/6259"}],"wp:attachment":[{"href":"https:\/\/dgospel.com.br\/portal\/index.php\/wp-json\/wp\/v2\/media?parent=6258"}],"wp:term":[{"taxonomy":"category","embeddable":true,"href":"https:\/\/dgospel.com.br\/portal\/index.php\/wp-json\/wp\/v2\/categories?post=6258"},{"taxonomy":"post_tag","embeddable":true,"href":"https:\/\/dgospel.com.br\/portal\/index.php\/wp-json\/wp\/v2\/tags?post=6258"}],"curies":[{"name":"wp","href":"https:\/\/api.w.org\/{rel}","templated":true}]}}