{"id":6264,"date":"2020-07-29T08:30:03","date_gmt":"2020-07-29T11:30:03","guid":{"rendered":"http:\/\/dgospel.com.br\/portal\/?p=6264"},"modified":"2020-07-29T08:30:04","modified_gmt":"2020-07-29T11:30:04","slug":"vice-governador-wanderlei-barbosa-e-superintendente-da-conab-discutem-parcerias-institucionais-para-atender-classe-rural-do-tocantins","status":"publish","type":"post","link":"https:\/\/dgospel.com.br\/portal\/index.php\/2020\/07\/29\/vice-governador-wanderlei-barbosa-e-superintendente-da-conab-discutem-parcerias-institucionais-para-atender-classe-rural-do-tocantins\/","title":{"rendered":"Vice-governador Wanderlei Barbosa e Superintendente da Conab discutem parcerias institucionais para atender classe rural do Tocantins"},"content":{"rendered":"\n<p>O vice-governador do Tocantins, Wanderlei Barbosa, recebeu em seu gabinete nesta ter\u00e7a-feira, 28, o&nbsp;Superintendente Regional da Companhia Nacional de Abastecimento (Conab) Tocantins, Benedito Manuel de Aguiar. No encontro, foram discutidas&nbsp;parcerias institucionais para atender a classe rural do Estado.<\/p>\n\n\n\n<p>Benedito Manuel apresentou ao Vice-governador alguns programas que ir\u00e3o beneficiar os&nbsp;povos ind\u00edgenas,&nbsp; quilombolas, assentados, pescadores e popula\u00e7\u00e3o ribeirinha,&nbsp;como&nbsp;&nbsp;o Programa de Aquisi\u00e7\u00e3o de Alimentos (PAA), o Cadastro de Produtores Rurais,&nbsp;Declara\u00e7\u00e3o de Aptid\u00e3o ao Pronaf&nbsp;(DAP)&nbsp;e&nbsp;Sistema de Cadastro Nacional de Produtores Rurais, P\u00fablico do PAA, Cooperativas, Associa\u00e7\u00f5es e Demais Agentes (Sican), Distribui\u00e7\u00e3o de Alimentos&nbsp;e o Programa S\u00f3cio Assistencial.<\/p>\n\n\n\n<p>De acordo com o&nbsp;Superintendente da Conab, a parceria entre os \u00f3rg\u00e3os do Governo do Tocantins como o Instituto de Desenvolvimento Rural do Tocantins (Ruraltins) e Secretaria Estadual de Agricultura, Pecu\u00e1ria e Aquicultura (Seagro) trar\u00e1 um novo marco para a agricultura familiar do Tocantins. \u201cTraremos um novo marco para a agricultura familiar da nossa terra buscando aplicar o programa para os 139 munic\u00edpios, gerando renda e movimentando a economia local\u201d, disse.<\/p>\n\n\n\n<p>Ainda segundo&nbsp;Benedito Manuel, a Superintend\u00eancia da Conab compra os alimentos dos produtores rurais que estabelecerem uma Associa\u00e7\u00e3o ou Cooperativa para vend\u00ea-los. Assim, far\u00e1 a doa\u00e7\u00e3o as entidades filantr\u00f3picas, bem como o treinamento e qualifica\u00e7\u00e3o dos cadastrados no PAA, fortalecendo tamb\u00e9m o desenvolvimento dos povos ind\u00edgenas, quilombolas, assentados ribeirinhos e pescadores.<\/p>\n\n\n\n<p>O Vice-governador afirma que todo projeto que visa melhorar a vida da popula\u00e7\u00e3o tocantinense tem&nbsp;o apoio do Governo do Tocantins. \u201cFoi um encontro importante para n\u00f3s, vemos uma parceria&nbsp;com potencial de fomentar nossa economia e alcan\u00e7ar quem realmente precisa\u201d, ressaltou.<\/p>\n\n\n\n<p>Na ocasi\u00e3o, Wanderlei Barbosa ligou para o Secret\u00e1rio de Pol\u00edtica Agr\u00edcola do Minist\u00e9rio da Agricultura, C\u00e9sar Halum, que demonstrou total interesse na agenda. Um novo encontro ser\u00e1 realizado com a presen\u00e7a do Secret\u00e1rio, do governador Mauro Carlesse e \u00f3rg\u00e3os como Ruraltins&nbsp;e Seagro.<\/p>\n","protected":false},"excerpt":{"rendered":"<p>O vice-governador do Tocantins, Wanderlei Barbosa, recebeu em seu gabinete nesta ter\u00e7a-feira, 28, o&nbsp;Superintendente Regional da Companhia Nacional de Abastecimento (Conab) Tocantins, Benedito Manuel de Aguiar. No encontro, foram discutidas&nbsp;parcerias institucionais para atender a classe rural do Estado. Benedito Manuel apresentou ao Vice-governador alguns programas que ir\u00e3o beneficiar os&nbsp;povos ind\u00edgenas,&nbsp; quilombolas, assentados, pescadores e popula\u00e7\u00e3o [&hellip;]<\/p>\n","protected":false},"author":2,"featured_media":6265,"comment_status":"open","ping_status":"open","sticky":false,"template":"","format":"standard","meta":[],"categories":[3],"tags":[13],"_links":{"self":[{"href":"https:\/\/dgospel.com.br\/portal\/index.php\/wp-json\/wp\/v2\/posts\/6264"}],"collection":[{"href":"https:\/\/dgospel.com.br\/portal\/index.php\/wp-json\/wp\/v2\/posts"}],"about":[{"href":"https:\/\/dgospel.com.br\/portal\/index.php\/wp-json\/wp\/v2\/types\/post"}],"author":[{"embeddable":true,"href":"https:\/\/dgospel.com.br\/portal\/index.php\/wp-json\/wp\/v2\/users\/2"}],"replies":[{"embeddable":true,"href":"https:\/\/dgospel.com.br\/portal\/index.php\/wp-json\/wp\/v2\/comments?post=6264"}],"version-history":[{"count":1,"href":"https:\/\/dgospel.com.br\/portal\/index.php\/wp-json\/wp\/v2\/posts\/6264\/revisions"}],"predecessor-version":[{"id":6266,"href":"https:\/\/dgospel.com.br\/portal\/index.php\/wp-json\/wp\/v2\/posts\/6264\/revisions\/6266"}],"wp:featuredmedia":[{"embeddable":true,"href":"https:\/\/dgospel.com.br\/portal\/index.php\/wp-json\/wp\/v2\/media\/6265"}],"wp:attachment":[{"href":"https:\/\/dgospel.com.br\/portal\/index.php\/wp-json\/wp\/v2\/media?parent=6264"}],"wp:term":[{"taxonomy":"category","embeddable":true,"href":"https:\/\/dgospel.com.br\/portal\/index.php\/wp-json\/wp\/v2\/categories?post=6264"},{"taxonomy":"post_tag","embeddable":true,"href":"https:\/\/dgospel.com.br\/portal\/index.php\/wp-json\/wp\/v2\/tags?post=6264"}],"curies":[{"name":"wp","href":"https:\/\/api.w.org\/{rel}","templated":true}]}}