{"id":6271,"date":"2020-07-29T16:12:34","date_gmt":"2020-07-29T19:12:34","guid":{"rendered":"http:\/\/dgospel.com.br\/portal\/?p=6271"},"modified":"2020-07-29T16:12:50","modified_gmt":"2020-07-29T19:12:50","slug":"apos-decreto-restritivo-ser-prorrogado-acipa-avalia-medida-como-punitiva-e-ineficaz","status":"publish","type":"post","link":"https:\/\/dgospel.com.br\/portal\/index.php\/2020\/07\/29\/apos-decreto-restritivo-ser-prorrogado-acipa-avalia-medida-como-punitiva-e-ineficaz\/","title":{"rendered":"Ap\u00f3s decreto restritivo ser prorrogado, Acipa avalia medida como \u201cpunitiva e ineficaz\u201d"},"content":{"rendered":"\n<p>O decreto publicado pela Prefeitura de Palmas no dia 10 deste m\u00eas e que estabeleceu o fechamento do com\u00e9rcio de 20h \u00e0s 05h, entre 13 e 27 de julho, foi prorrogado e deve se estender at\u00e9 o dia 06 de agosto. Na contram\u00e3o das medidas adotadas, os n\u00fameros de contamina\u00e7\u00e3o seguem em alta, sendo que no espa\u00e7o de tempo determinado pelo primeiro decreto, a Capital teve um aumento de 1.961 casos, com dados obtidos no Plant\u00e3o Coronav\u00edrus, disponibilizado pela Secretaria Municipal de Sa\u00fade.&nbsp;<\/p>\n\n\n\n<p>Para o presidente da Associa\u00e7\u00e3o Comercial e Industrial de Palmas (ACIPA), Joseph Madeira, medidas como essa podem ser tomadas, desde que tenham como plano de fundo uma atua\u00e7\u00e3o robusta no fortalecimento dos mecanismo de sa\u00fade p\u00fablica. \u201cInsisto em dizer, desde o primeiro momento, que a classe empresarial est\u00e1 pagando a conta da inger\u00eancia dos recursos. H\u00e1 a\u00e7\u00f5es efetivas de controle da doen\u00e7a que dependem de pol\u00edticas p\u00fablicas, a exemplo da testagem em massa, fiscaliza\u00e7\u00e3o e a amplia\u00e7\u00e3o do n\u00famero de leitos. Se apenas o com\u00e9rcio for penalizado e responsabilizado, a prorroga\u00e7\u00e3o do decreto \u00e9 punitiva e ineficaz, como percebe-se com o aumento dos n\u00fameros\u201d, constata.<\/p>\n\n\n\n<p>O presidente chama a &nbsp;aten\u00e7\u00e3o ainda para o reflexo dessas decis\u00f5es na vida dos empres\u00e1rios, que est\u00e3o, segundo ele, no limite da sobreviv\u00eancia, e dos trabalhadores que foram poupados num primeiro momento, mas que est\u00e3o vivendo na imin\u00eancia de uma segunda etapa de demiss\u00f5es. \u201cA Prefeitura reitera essa penaliza\u00e7\u00e3o aos comerciantes, mas mais do que isso, muitos pais de fam\u00edlia j\u00e1 perderam e continuar\u00e3o perdendo seus empregos\u201d, lamenta.<\/p>\n","protected":false},"excerpt":{"rendered":"<p>O decreto publicado pela Prefeitura de Palmas no dia 10 deste m\u00eas e que estabeleceu o fechamento do com\u00e9rcio de 20h \u00e0s 05h, entre 13 e 27 de julho, foi prorrogado e deve se estender at\u00e9 o dia 06 de agosto. Na contram\u00e3o das medidas adotadas, os n\u00fameros de contamina\u00e7\u00e3o seguem em alta, sendo que [&hellip;]<\/p>\n","protected":false},"author":2,"featured_media":6272,"comment_status":"open","ping_status":"open","sticky":false,"template":"","format":"standard","meta":[],"categories":[3],"tags":[13],"_links":{"self":[{"href":"https:\/\/dgospel.com.br\/portal\/index.php\/wp-json\/wp\/v2\/posts\/6271"}],"collection":[{"href":"https:\/\/dgospel.com.br\/portal\/index.php\/wp-json\/wp\/v2\/posts"}],"about":[{"href":"https:\/\/dgospel.com.br\/portal\/index.php\/wp-json\/wp\/v2\/types\/post"}],"author":[{"embeddable":true,"href":"https:\/\/dgospel.com.br\/portal\/index.php\/wp-json\/wp\/v2\/users\/2"}],"replies":[{"embeddable":true,"href":"https:\/\/dgospel.com.br\/portal\/index.php\/wp-json\/wp\/v2\/comments?post=6271"}],"version-history":[{"count":1,"href":"https:\/\/dgospel.com.br\/portal\/index.php\/wp-json\/wp\/v2\/posts\/6271\/revisions"}],"predecessor-version":[{"id":6273,"href":"https:\/\/dgospel.com.br\/portal\/index.php\/wp-json\/wp\/v2\/posts\/6271\/revisions\/6273"}],"wp:featuredmedia":[{"embeddable":true,"href":"https:\/\/dgospel.com.br\/portal\/index.php\/wp-json\/wp\/v2\/media\/6272"}],"wp:attachment":[{"href":"https:\/\/dgospel.com.br\/portal\/index.php\/wp-json\/wp\/v2\/media?parent=6271"}],"wp:term":[{"taxonomy":"category","embeddable":true,"href":"https:\/\/dgospel.com.br\/portal\/index.php\/wp-json\/wp\/v2\/categories?post=6271"},{"taxonomy":"post_tag","embeddable":true,"href":"https:\/\/dgospel.com.br\/portal\/index.php\/wp-json\/wp\/v2\/tags?post=6271"}],"curies":[{"name":"wp","href":"https:\/\/api.w.org\/{rel}","templated":true}]}}