{"id":6274,"date":"2020-07-29T16:18:57","date_gmt":"2020-07-29T19:18:57","guid":{"rendered":"http:\/\/dgospel.com.br\/portal\/?p=6274"},"modified":"2020-07-29T16:18:58","modified_gmt":"2020-07-29T19:18:58","slug":"camara-aprova-emendas-do-senado-em-mp-de-credito-para-salarios-texto-vai-a-sancao","status":"publish","type":"post","link":"https:\/\/dgospel.com.br\/portal\/index.php\/2020\/07\/29\/camara-aprova-emendas-do-senado-em-mp-de-credito-para-salarios-texto-vai-a-sancao\/","title":{"rendered":"C\u00e2mara aprova emendas do Senado em MP de cr\u00e9dito para sal\u00e1rios; texto vai \u00e0 san\u00e7\u00e3o"},"content":{"rendered":"\n<p>O Plen\u00e1rio da C\u00e2mara dos Deputados aprovou nesta quarta-feira (29) emendas do Senado \u00e0 Medida Provis\u00f3ria 944\/20, que concede uma linha de cr\u00e9dito especial para pequenas e m\u00e9dias empresas pagarem sua folha de sal\u00e1rios durante o estado de calamidade p\u00fablica decorrente do novo coronav\u00edrus. Trata-se do Programa Emergencial de Suporte aos Empregos, que agora segue para san\u00e7\u00e3o do presidente da Rep\u00fablica.<\/p>\n\n\n\n<p>O relator, deputado <a href=\"https:\/\/www.camara.leg.br\/deputados\/204517\">Z\u00e9 Vitor (PL-MG)<\/a>, argumentou que as mudan\u00e7as do Senado \u201cprop\u00f5em avan\u00e7os e aprimoramentos para a reda\u00e7\u00e3o final\u201d. Segundo ele, o texto reserva R$ 17 bilh\u00f5es para a folha e novo aporte de R$ 12 bilh\u00f5es para o cr\u00e9dito a micro e pequenas empresas.<\/p>\n\n\n\n<p>Foram aprovadas: inclus\u00e3o de organiza\u00e7\u00f5es religiosas no rol de beneficiados pela linha de cr\u00e9dito; cria\u00e7\u00e3o de um sistema de garantias que facilite o acesso ao cr\u00e9dito; aumento da participa\u00e7\u00e3o da Uni\u00e3o em R$ 12 bilh\u00f5es para a concess\u00e3o de garantias a empr\u00e9stimos do Programa Nacional de Apoio \u00e0s Microempresas e Empresas de Pequeno Porte (Pronampe); redu\u00e7\u00e3o, de R$ 34 bilh\u00f5es para R$ 17 bilh\u00f5es, do valor a ser injetado pelo governo federal no BNDES para custeio da linha de cr\u00e9dito.<\/p>\n\n\n\n<p>O programa prev\u00ea a participa\u00e7\u00e3o de institui\u00e7\u00f5es financeiras privadas na concess\u00e3o do empr\u00e9stimo, que entrar\u00e3o com 15% dos recursos emprestados ao tomador final. Os outros 85% vir\u00e3o desse valor colocado no BNDES, que repassar\u00e1 aos bancos e receber\u00e1 os reembolsos das parcelas ou cobran\u00e7as, devolvendo os recursos \u00e0 Uni\u00e3o.<\/p>\n\n\n\n<p><strong>Outras mudan\u00e7as<\/strong><br>\n        Os deputados tamb\u00e9m aprovaram a devolu\u00e7\u00e3o, ao governo federal, de at\u00e9 50% dos recursos n\u00e3o repassados pelos bancos a partir de 30 de setembro de 2020; e o fim da proibi\u00e7\u00e3o de uso da linha de cr\u00e9dito para quita\u00e7\u00e3o de d\u00edvidas trabalhistas por \u00f3rg\u00e3os da administra\u00e7\u00e3o p\u00fablica direta e indireta a organismos internacionais, institui\u00e7\u00f5es financeiras e sociedades de cr\u00e9dito.<\/p>\n\n\n\n<p><strong>Programa<\/strong><br>\n        O Programa Emergencial de Suporte aos Empregos oferece empr\u00e9stimos para financiar os sal\u00e1rios e verbas trabalhistas por quatro meses e tamb\u00e9m para quitar d\u00edvidas trabalhistas judiciais.<\/p>\n\n\n\n<p>Ser\u00e3o beneficiados: empres\u00e1rios, sociedades empresariais e sociedades cooperativas, exceto as de cr\u00e9dito. Poder\u00e3o recorrer ainda ao empr\u00e9stimo as sociedades simples, as organiza\u00e7\u00f5es da sociedade civil, as organiza\u00e7\u00f5es religiosas e os empregadores rurais (pessoas f\u00edsicas ou jur\u00eddicas).<\/p>\n\n\n\n<p>O contrato dever\u00e1 especificar as obriga\u00e7\u00f5es da empresa, entre as quais a de n\u00e3o demitir, sem justa causa, os empregados durante o per\u00edodo da contrata\u00e7\u00e3o e por at\u00e9 60 dias ap\u00f3s a libera\u00e7\u00e3o da \u00faltima parcela da linha de cr\u00e9dito.<\/p>\n\n\n\n<p>Fonte: Ag\u00eancia C\u00e2mara de Not\u00edcias<\/p>\n\n\n\n<p><\/p>\n\n\n\n<p><\/p>\n\n\n\n<p><\/p>\n","protected":false},"excerpt":{"rendered":"<p>O Plen\u00e1rio da C\u00e2mara dos Deputados aprovou nesta quarta-feira (29) emendas do Senado \u00e0 Medida Provis\u00f3ria 944\/20, que concede uma linha de cr\u00e9dito especial para pequenas e m\u00e9dias empresas pagarem sua folha de sal\u00e1rios durante o estado de calamidade p\u00fablica decorrente do novo coronav\u00edrus. Trata-se do Programa Emergencial de Suporte aos Empregos, que agora segue [&hellip;]<\/p>\n","protected":false},"author":2,"featured_media":6275,"comment_status":"open","ping_status":"open","sticky":false,"template":"","format":"standard","meta":[],"categories":[8],"tags":[],"_links":{"self":[{"href":"https:\/\/dgospel.com.br\/portal\/index.php\/wp-json\/wp\/v2\/posts\/6274"}],"collection":[{"href":"https:\/\/dgospel.com.br\/portal\/index.php\/wp-json\/wp\/v2\/posts"}],"about":[{"href":"https:\/\/dgospel.com.br\/portal\/index.php\/wp-json\/wp\/v2\/types\/post"}],"author":[{"embeddable":true,"href":"https:\/\/dgospel.com.br\/portal\/index.php\/wp-json\/wp\/v2\/users\/2"}],"replies":[{"embeddable":true,"href":"https:\/\/dgospel.com.br\/portal\/index.php\/wp-json\/wp\/v2\/comments?post=6274"}],"version-history":[{"count":1,"href":"https:\/\/dgospel.com.br\/portal\/index.php\/wp-json\/wp\/v2\/posts\/6274\/revisions"}],"predecessor-version":[{"id":6276,"href":"https:\/\/dgospel.com.br\/portal\/index.php\/wp-json\/wp\/v2\/posts\/6274\/revisions\/6276"}],"wp:featuredmedia":[{"embeddable":true,"href":"https:\/\/dgospel.com.br\/portal\/index.php\/wp-json\/wp\/v2\/media\/6275"}],"wp:attachment":[{"href":"https:\/\/dgospel.com.br\/portal\/index.php\/wp-json\/wp\/v2\/media?parent=6274"}],"wp:term":[{"taxonomy":"category","embeddable":true,"href":"https:\/\/dgospel.com.br\/portal\/index.php\/wp-json\/wp\/v2\/categories?post=6274"},{"taxonomy":"post_tag","embeddable":true,"href":"https:\/\/dgospel.com.br\/portal\/index.php\/wp-json\/wp\/v2\/tags?post=6274"}],"curies":[{"name":"wp","href":"https:\/\/api.w.org\/{rel}","templated":true}]}}