{"id":6277,"date":"2020-07-29T16:22:31","date_gmt":"2020-07-29T19:22:31","guid":{"rendered":"http:\/\/dgospel.com.br\/portal\/?p=6277"},"modified":"2020-07-29T16:22:33","modified_gmt":"2020-07-29T19:22:33","slug":"deputados-querem-medida-provisoria-para-garantir-recursos-para-vacina-contra-covid-19","status":"publish","type":"post","link":"https:\/\/dgospel.com.br\/portal\/index.php\/2020\/07\/29\/deputados-querem-medida-provisoria-para-garantir-recursos-para-vacina-contra-covid-19\/","title":{"rendered":"Deputados querem medida provis\u00f3ria para garantir recursos para vacina contra Covid-19"},"content":{"rendered":"\n<p>A Funda\u00e7\u00e3o Oswaldo Cruz precisa de R$ 2 bilh\u00f5es para come\u00e7ar, em dezembro, a produ\u00e7\u00e3o da vacina contra a Covid-19 que est\u00e1 sendo desenvolvida pela Universidade de Oxford, na Inglaterra, em conjunto com a ind\u00fastria farmac\u00eautica. A Comiss\u00e3o Externa da C\u00e2mara que acompanha as medidas de combate ao coronav\u00edrus quer garantir os recursos por meio de uma medida provis\u00f3ria.<\/p>\n\n\n\n<p>A informa\u00e7\u00e3o foi dada durante visita de integrantes da comiss\u00e3o ao Instituto de Tecnologia em Imunobiol\u00f3gicos, conhecido como Bio-Manguinhos, no Rio de Janeiro, nesta ter\u00e7a-feira (28). Os recursos ser\u00e3o empregados na transfer\u00eancia de tecnologia e na entrega de 100 milh\u00f5es de doses, que devem ser produzidas at\u00e9 o primeiro trimestre de 2021.<\/p>\n\n\n\n<p>Na visita, os quinze deputados da comiss\u00e3o foram ao Centro Henrique Penna (CHP), que produz insumos para diagn\u00f3sticos e rem\u00e9dios para doen\u00e7as degenerativas como a artrite reumatoide. Tamb\u00e9m conheceram o Departamento de Processamento Final (DEPFI), setor onde as vacinas s\u00e3o transferidas para os frascos e onde acontecem a rotulagem e a embalagem, al\u00e9m da Central Anal\u00edtica da Fiocruz, que ser\u00e1 inaugurada no in\u00edcio de agosto.<\/p>\n\n\n\n<p>De acordo com o coordenador da Comiss\u00e3o Externa, deputado <a href=\"https:\/\/www.camara.leg.br\/deputados\/204450\">Dr. Luiz Antonio Teixeira J\u00fanior (PP-RJ)<\/a>, a Fiocruz j\u00e1 est\u00e1 negociando a libera\u00e7\u00e3o dos recursos para a produ\u00e7\u00e3o da vacina contra o novo coronav\u00edrus junto aos minist\u00e9rios da Sa\u00fade e da Economia. Ele acrescentou que a comiss\u00e3o tamb\u00e9m vai pedir \u00e0 \u00e1rea econ\u00f4mica do governo a finaliza\u00e7\u00e3o de uma MP para garantir o dinheiro. No final da visita a Bio-Manguinhos, ele falou da import\u00e2ncia do SUS para que a vacina chegue a toda a popula\u00e7\u00e3o.<\/p>\n\n\n\n<p>\u201cNosso Sistema \u00danico de Sa\u00fade, que tem a Fiocruz e tem capilaridade, vai conseguir entregar \u00e0 popula\u00e7\u00e3o brasileira uma vacina de qualidade, provavelmente antes do que a maioria dos pa\u00edses do mundo\u201d, disse.<\/p>\n\n\n\n<p><strong>Baixo custo<\/strong><br>\n        A relatora da comiss\u00e3o, deputada <a href=\"https:\/\/www.camara.leg.br\/deputados\/164360\">Carmen Zanotto (Cidadania-SC)<\/a>, ressaltou que o custo da unidade da vacina deve ser de 10% do que estava sendo estimado inicialmente. Al\u00e9m de estar se preparando para imunizar a popula\u00e7\u00e3o contra a Covid-19, a Funda\u00e7\u00e3o Oswaldo Cruz \u00e9 respons\u00e1vel pela fabrica\u00e7\u00e3o de outras vacinas, como as que protegem contra a febre amarela e a poliomielite.<\/p>\n\n\n\n<p>Fonte: Ag\u00eancia C\u00e2mara de Not\u00edcias<\/p>\n","protected":false},"excerpt":{"rendered":"<p>A Funda\u00e7\u00e3o Oswaldo Cruz precisa de R$ 2 bilh\u00f5es para come\u00e7ar, em dezembro, a produ\u00e7\u00e3o da vacina contra a Covid-19 que est\u00e1 sendo desenvolvida pela Universidade de Oxford, na Inglaterra, em conjunto com a ind\u00fastria farmac\u00eautica. A Comiss\u00e3o Externa da C\u00e2mara que acompanha as medidas de combate ao coronav\u00edrus quer garantir os recursos por meio [&hellip;]<\/p>\n","protected":false},"author":2,"featured_media":6278,"comment_status":"open","ping_status":"open","sticky":false,"template":"","format":"standard","meta":[],"categories":[8],"tags":[],"_links":{"self":[{"href":"https:\/\/dgospel.com.br\/portal\/index.php\/wp-json\/wp\/v2\/posts\/6277"}],"collection":[{"href":"https:\/\/dgospel.com.br\/portal\/index.php\/wp-json\/wp\/v2\/posts"}],"about":[{"href":"https:\/\/dgospel.com.br\/portal\/index.php\/wp-json\/wp\/v2\/types\/post"}],"author":[{"embeddable":true,"href":"https:\/\/dgospel.com.br\/portal\/index.php\/wp-json\/wp\/v2\/users\/2"}],"replies":[{"embeddable":true,"href":"https:\/\/dgospel.com.br\/portal\/index.php\/wp-json\/wp\/v2\/comments?post=6277"}],"version-history":[{"count":1,"href":"https:\/\/dgospel.com.br\/portal\/index.php\/wp-json\/wp\/v2\/posts\/6277\/revisions"}],"predecessor-version":[{"id":6279,"href":"https:\/\/dgospel.com.br\/portal\/index.php\/wp-json\/wp\/v2\/posts\/6277\/revisions\/6279"}],"wp:featuredmedia":[{"embeddable":true,"href":"https:\/\/dgospel.com.br\/portal\/index.php\/wp-json\/wp\/v2\/media\/6278"}],"wp:attachment":[{"href":"https:\/\/dgospel.com.br\/portal\/index.php\/wp-json\/wp\/v2\/media?parent=6277"}],"wp:term":[{"taxonomy":"category","embeddable":true,"href":"https:\/\/dgospel.com.br\/portal\/index.php\/wp-json\/wp\/v2\/categories?post=6277"},{"taxonomy":"post_tag","embeddable":true,"href":"https:\/\/dgospel.com.br\/portal\/index.php\/wp-json\/wp\/v2\/tags?post=6277"}],"curies":[{"name":"wp","href":"https:\/\/api.w.org\/{rel}","templated":true}]}}