{"id":6280,"date":"2020-07-29T16:37:43","date_gmt":"2020-07-29T19:37:43","guid":{"rendered":"http:\/\/dgospel.com.br\/portal\/?p=6280"},"modified":"2020-07-29T16:37:44","modified_gmt":"2020-07-29T19:37:44","slug":"2022-mourao-ve-bolsonaro-extremamente-competitivo","status":"publish","type":"post","link":"https:\/\/dgospel.com.br\/portal\/index.php\/2020\/07\/29\/2022-mourao-ve-bolsonaro-extremamente-competitivo\/","title":{"rendered":"2022: Mour\u00e3o v\u00ea Bolsonaro \u2018extremamente competitivo\u2019"},"content":{"rendered":"\n<p> O vice-presidente da Rep\u00fablica, general Hamilton Mour\u00e3o, disse nesta quarta-feira (29) que o Judici\u00e1rio tem atuado como linha auxiliar da pol\u00edtica em a\u00e7\u00f5es movidas por legendas que perderam as \u00faltimas elei\u00e7\u00f5es ou que s\u00e3o derrotadas em vota\u00e7\u00f5es no Congresso. <\/p>\n\n\n\n<p> Em entrevista pela internet ao Di\u00e1rio de Pernambuco, do Recife, Mour\u00e3o tamb\u00e9m disse que o presidente Jair Bolsonaro (sem partido) chegar\u00e1 a 2022 \u201cextremamente competitivo\u201d para a elei\u00e7\u00e3o presidencial e defendeu que o ideal seria que eles tivessem dois mandatos (2019-2022 e 2023-2026). <\/p>\n\n\n\n<p>Na transmiss\u00e3o, Mour\u00e3o criticou o que chamou de \u201cjudicializa\u00e7\u00e3o da pol\u00edtica\u201d.<\/p>\n\n\n\n<p>\u2013 O que existe hoje \u00e9 uma certa judicializa\u00e7\u00e3o da pol\u00edtica. Na minha vis\u00e3o, o Judici\u00e1rio vem sendo utilizado por partidos pol\u00edticos que perderam elei\u00e7\u00f5es ou n\u00e3o conseguiram \u00eaxitos em suas vota\u00e7\u00f5es dentro do Congresso e, a partir dali, judicializam, e o Judici\u00e1rio passa a atuar at\u00e9 como uma linha auxiliar da pol\u00edtica \u2013 disse Mour\u00e3o.<\/p>\n\n\n\n<p>Para o vice-presidente, \u201cnem o Judici\u00e1rio pode se envolver na pol\u00edtica nem a pol\u00edtica pode ser judicializada\u201d.<\/p>\n\n\n\n<p>A administra\u00e7\u00e3o Bolsonaro tem vivido em constante tens\u00e3o com o Judici\u00e1rio.<\/p>\n\n\n\n<p>No s\u00e1bado (25), por exemplo, por meio da Advocacia-Geral da Uni\u00e3o, Bolsonaro anunciou uma a\u00e7\u00e3o no Supremo Tribunal Federal (STF) contra decis\u00e3o do ministro Alexandre de Moraes de suspender contas de redes sociais de apoiadores do governo.\u200b<\/p>\n\n\n\n<p>Mour\u00e3o tamb\u00e9m se manifestou na entrevista a favor da reelei\u00e7\u00e3o de Bolsonaro.<\/p>\n\n\n\n<p>\u2013 Julgo que o trabalho que o presidente Jair Bolsonaro vem realizando dar\u00e1 bons frutos e ele chegar\u00e1 a 2022 extremamente competitivo \u2013 afirmou o vice-presidente, para quem, \u201co ideal era que a gente conseguisse ter os dois mandatos do presidente\u201d.<\/p>\n\n\n\n<p>Questionado sobre as elei\u00e7\u00f5es municipais deste ano, Mour\u00e3o disse estar \u201ccomprometido em apoiar nossas candidaturas\u201d, referindo-se aos nomes do PRTB que disputar\u00e3o prefeituras pelo pa\u00eds.<\/p>\n\n\n\n<p>O vice-presidente disse que atuar\u00e3o nas disputas \u201cdentro dos limites da legisla\u00e7\u00e3o\u201d e que, dentro de sua possibilidade, pretende inclusive viajar a cidades como o Recife, capital que dever\u00e1 ter um correligion\u00e1rio de Mour\u00e3o na disputa.<\/p>\n\n\n\n<p>*Folhapress<\/p>\n","protected":false},"excerpt":{"rendered":"<p>O vice-presidente da Rep\u00fablica, general Hamilton Mour\u00e3o, disse nesta quarta-feira (29) que o Judici\u00e1rio tem atuado como linha auxiliar da pol\u00edtica em a\u00e7\u00f5es movidas por legendas que perderam as \u00faltimas elei\u00e7\u00f5es ou que s\u00e3o derrotadas em vota\u00e7\u00f5es no Congresso. Em entrevista pela internet ao Di\u00e1rio de Pernambuco, do Recife, Mour\u00e3o tamb\u00e9m disse que o presidente [&hellip;]<\/p>\n","protected":false},"author":2,"featured_media":6281,"comment_status":"open","ping_status":"open","sticky":false,"template":"","format":"standard","meta":[],"categories":[4],"tags":[13,14],"_links":{"self":[{"href":"https:\/\/dgospel.com.br\/portal\/index.php\/wp-json\/wp\/v2\/posts\/6280"}],"collection":[{"href":"https:\/\/dgospel.com.br\/portal\/index.php\/wp-json\/wp\/v2\/posts"}],"about":[{"href":"https:\/\/dgospel.com.br\/portal\/index.php\/wp-json\/wp\/v2\/types\/post"}],"author":[{"embeddable":true,"href":"https:\/\/dgospel.com.br\/portal\/index.php\/wp-json\/wp\/v2\/users\/2"}],"replies":[{"embeddable":true,"href":"https:\/\/dgospel.com.br\/portal\/index.php\/wp-json\/wp\/v2\/comments?post=6280"}],"version-history":[{"count":1,"href":"https:\/\/dgospel.com.br\/portal\/index.php\/wp-json\/wp\/v2\/posts\/6280\/revisions"}],"predecessor-version":[{"id":6282,"href":"https:\/\/dgospel.com.br\/portal\/index.php\/wp-json\/wp\/v2\/posts\/6280\/revisions\/6282"}],"wp:featuredmedia":[{"embeddable":true,"href":"https:\/\/dgospel.com.br\/portal\/index.php\/wp-json\/wp\/v2\/media\/6281"}],"wp:attachment":[{"href":"https:\/\/dgospel.com.br\/portal\/index.php\/wp-json\/wp\/v2\/media?parent=6280"}],"wp:term":[{"taxonomy":"category","embeddable":true,"href":"https:\/\/dgospel.com.br\/portal\/index.php\/wp-json\/wp\/v2\/categories?post=6280"},{"taxonomy":"post_tag","embeddable":true,"href":"https:\/\/dgospel.com.br\/portal\/index.php\/wp-json\/wp\/v2\/tags?post=6280"}],"curies":[{"name":"wp","href":"https:\/\/api.w.org\/{rel}","templated":true}]}}