{"id":6286,"date":"2020-07-29T16:51:06","date_gmt":"2020-07-29T19:51:06","guid":{"rendered":"http:\/\/dgospel.com.br\/portal\/?p=6286"},"modified":"2020-07-29T16:51:07","modified_gmt":"2020-07-29T19:51:07","slug":"aprovacao-de-bolsonaro-no-nordeste-aumenta-quase-10","status":"publish","type":"post","link":"https:\/\/dgospel.com.br\/portal\/index.php\/2020\/07\/29\/aprovacao-de-bolsonaro-no-nordeste-aumenta-quase-10\/","title":{"rendered":"Aprova\u00e7\u00e3o de Bolsonaro no Nordeste aumenta quase 10%"},"content":{"rendered":"\n<p> Em um passado n\u00e3o t\u00e3o distante, mais especificamente durante a CPAC Brasil 2019, que aconteceu em outubro do ano passado em S\u00e3o Paulo, a ministra Damares Alves proferiu a seguinte frase: \u201cquanto mais bate, mais esse governo cresce\u201d. Menos de um ano depois a frase parece fazer um enorme sentido, principalmente se analisarmos os n\u00fameros da \u00faltima pesquisa Veja\/Paran\u00e1 Pesquisas. <\/p>\n\n\n\n<p> O levantamento divulgado pela revista Veja na semana passada apontou que, apesar de ser alvo de todos os lados, especialmente da grande imprensa, o governo do presidente Jair Bolsonaro tem crescido onde menos se espera, a Regi\u00e3o Nordeste, governada em grande parte por pol\u00edticos de esquerda. \u00c9 de l\u00e1 que a aprova\u00e7\u00e3o do presidente subiu quase 10% no \u00faltimo levantamento em compara\u00e7\u00e3o ao m\u00eas de abril. <\/p>\n\n\n\n<p>Fonte: pleno.news\/<\/p>\n","protected":false},"excerpt":{"rendered":"<p>Em um passado n\u00e3o t\u00e3o distante, mais especificamente durante a CPAC Brasil 2019, que aconteceu em outubro do ano passado em S\u00e3o Paulo, a ministra Damares Alves proferiu a seguinte frase: \u201cquanto mais bate, mais esse governo cresce\u201d. Menos de um ano depois a frase parece fazer um enorme sentido, principalmente se analisarmos os n\u00fameros [&hellip;]<\/p>\n","protected":false},"author":2,"featured_media":6287,"comment_status":"open","ping_status":"open","sticky":false,"template":"","format":"standard","meta":[],"categories":[4],"tags":[13,14],"_links":{"self":[{"href":"https:\/\/dgospel.com.br\/portal\/index.php\/wp-json\/wp\/v2\/posts\/6286"}],"collection":[{"href":"https:\/\/dgospel.com.br\/portal\/index.php\/wp-json\/wp\/v2\/posts"}],"about":[{"href":"https:\/\/dgospel.com.br\/portal\/index.php\/wp-json\/wp\/v2\/types\/post"}],"author":[{"embeddable":true,"href":"https:\/\/dgospel.com.br\/portal\/index.php\/wp-json\/wp\/v2\/users\/2"}],"replies":[{"embeddable":true,"href":"https:\/\/dgospel.com.br\/portal\/index.php\/wp-json\/wp\/v2\/comments?post=6286"}],"version-history":[{"count":1,"href":"https:\/\/dgospel.com.br\/portal\/index.php\/wp-json\/wp\/v2\/posts\/6286\/revisions"}],"predecessor-version":[{"id":6288,"href":"https:\/\/dgospel.com.br\/portal\/index.php\/wp-json\/wp\/v2\/posts\/6286\/revisions\/6288"}],"wp:featuredmedia":[{"embeddable":true,"href":"https:\/\/dgospel.com.br\/portal\/index.php\/wp-json\/wp\/v2\/media\/6287"}],"wp:attachment":[{"href":"https:\/\/dgospel.com.br\/portal\/index.php\/wp-json\/wp\/v2\/media?parent=6286"}],"wp:term":[{"taxonomy":"category","embeddable":true,"href":"https:\/\/dgospel.com.br\/portal\/index.php\/wp-json\/wp\/v2\/categories?post=6286"},{"taxonomy":"post_tag","embeddable":true,"href":"https:\/\/dgospel.com.br\/portal\/index.php\/wp-json\/wp\/v2\/tags?post=6286"}],"curies":[{"name":"wp","href":"https:\/\/api.w.org\/{rel}","templated":true}]}}