{"id":629,"date":"2018-06-25T16:25:42","date_gmt":"2018-06-25T19:25:42","guid":{"rendered":"http:\/\/dgospel.com.br\/portal\/?p=629"},"modified":"2018-06-25T16:25:42","modified_gmt":"2018-06-25T19:25:42","slug":"pastor-alpiniano-ferreira-campos-que-morreu-afogado-durante-encontro-de-igreja-sera-enterrado-em-darcinopolis","status":"publish","type":"post","link":"https:\/\/dgospel.com.br\/portal\/index.php\/2018\/06\/25\/pastor-alpiniano-ferreira-campos-que-morreu-afogado-durante-encontro-de-igreja-sera-enterrado-em-darcinopolis\/","title":{"rendered":"Pastor Alpiniano Ferreira Campos que morreu afogado durante encontro de igreja ser\u00e1 enterrado em Darcin\u00f3polis"},"content":{"rendered":"<p>O pastor Alpiniano Ferreira Campos, de 55 anos, que\u00a0<a style=\"font-style: inherit;\" href=\"https:\/\/g1.globo.com\/to\/tocantins\/noticia\/pastor-e-adolescentes-morrem-afogados-durante-encontro-de-igreja-as-margens-do-rio-tocantins.ghtml\"><strong>morreu afogado no rio Tocantins<\/strong><\/a>, ser\u00e1 enterrado na tarde desta segunda-feira (25), por volta das 17h, em Darcin\u00f3polis. O afogamento aconteceu neste domingo (24) durante encontro de membros de uma igreja evang\u00e9lica, entre Esperantina e S\u00e3o Sebasti\u00e3o, no norte do estado.<\/p>\n<p style=\"font-style: inherit; font-weight: inherit;\" data-track-category=\"Link no Texto\" data-track-links=\"\">Al\u00e9m do pastor, os adolescentes F\u00e1bio Carvalho da Concei\u00e7\u00e3o, de 15, e Maria Vit\u00f3ria Sousa Matos, de 13, tamb\u00e9m morreram afogados. Eles foram enterrados nesta manh\u00e3, por volta das 9h, em Esperantina.<\/p>\n<p style=\"font-style: inherit; font-weight: inherit;\" data-track-category=\"Link no Texto\" data-track-links=\"\">Segundo testemunhas, um grupo da igreja estava no local pescando e tomando banho, quando duas adolescentes come\u00e7aram a se afogar. O pastor e outras pessoas entraram na \u00e1gua para tentar salv\u00e1-las.<\/p>\n<p style=\"font-style: inherit; font-weight: inherit;\" data-track-category=\"Link no Texto\" data-track-links=\"\">As duas meninas foram resgatadas. Por\u00e9m, a adolescente Maria Vit\u00f3ria foi levada para o Hospital Regional de Augustin\u00f3polis em estado grave e n\u00e3o resistiu.<\/p>\n<p style=\"font-style: inherit; font-weight: inherit;\" data-track-category=\"Link no Texto\" data-track-links=\"\">No momento em que o pastor Alpiniano resgatava uma das v\u00edtimas, ele afundou e n\u00e3o conseguiu voltar \u00e0 margem. O corpo dele foi encontrado por volta de 8h desta segunda-feira. O adolescente F\u00e1bio que entrou na \u00e1gua para ajudar no resgate tamb\u00e9m n\u00e3o resistiu. Ele foi encontrado na noite de domingo.<\/p>\n<p style=\"font-style: inherit; font-weight: inherit;\" data-track-category=\"Link no Texto\" data-track-links=\"\">A Secretaria Estadual da Educa\u00e7\u00e3o, Juventude e Esportes emitiu nota lamentando a morte dos adolescentes. Eles eram estudantes do Col\u00e9gio Estadual Ulisses Guimar\u00e3es, de Esperantina.<\/p>\n<p style=\"font-style: inherit; font-weight: inherit;\" data-track-category=\"Link no Texto\" data-track-links=\"\">\n<p data-track-category=\"Link no Texto\" data-track-links=\"\">Fonte:\u00a0G1 Tocantins<\/p>\n<p>&nbsp;<\/p>\n","protected":false},"excerpt":{"rendered":"<p>O pastor Alpiniano Ferreira Campos, de 55 anos, que\u00a0morreu afogado no rio Tocantins, ser\u00e1 enterrado na tarde desta segunda-feira (25), por volta das 17h, em Darcin\u00f3polis. O afogamento aconteceu neste domingo (24) durante encontro de membros de uma igreja evang\u00e9lica, entre Esperantina e S\u00e3o Sebasti\u00e3o, no norte do estado. Al\u00e9m do pastor, os adolescentes F\u00e1bio [&hellip;]<\/p>\n","protected":false},"author":2,"featured_media":630,"comment_status":"open","ping_status":"open","sticky":false,"template":"","format":"standard","meta":[],"categories":[2,10,5],"tags":[],"_links":{"self":[{"href":"https:\/\/dgospel.com.br\/portal\/index.php\/wp-json\/wp\/v2\/posts\/629"}],"collection":[{"href":"https:\/\/dgospel.com.br\/portal\/index.php\/wp-json\/wp\/v2\/posts"}],"about":[{"href":"https:\/\/dgospel.com.br\/portal\/index.php\/wp-json\/wp\/v2\/types\/post"}],"author":[{"embeddable":true,"href":"https:\/\/dgospel.com.br\/portal\/index.php\/wp-json\/wp\/v2\/users\/2"}],"replies":[{"embeddable":true,"href":"https:\/\/dgospel.com.br\/portal\/index.php\/wp-json\/wp\/v2\/comments?post=629"}],"version-history":[{"count":1,"href":"https:\/\/dgospel.com.br\/portal\/index.php\/wp-json\/wp\/v2\/posts\/629\/revisions"}],"predecessor-version":[{"id":631,"href":"https:\/\/dgospel.com.br\/portal\/index.php\/wp-json\/wp\/v2\/posts\/629\/revisions\/631"}],"wp:featuredmedia":[{"embeddable":true,"href":"https:\/\/dgospel.com.br\/portal\/index.php\/wp-json\/wp\/v2\/media\/630"}],"wp:attachment":[{"href":"https:\/\/dgospel.com.br\/portal\/index.php\/wp-json\/wp\/v2\/media?parent=629"}],"wp:term":[{"taxonomy":"category","embeddable":true,"href":"https:\/\/dgospel.com.br\/portal\/index.php\/wp-json\/wp\/v2\/categories?post=629"},{"taxonomy":"post_tag","embeddable":true,"href":"https:\/\/dgospel.com.br\/portal\/index.php\/wp-json\/wp\/v2\/tags?post=629"}],"curies":[{"name":"wp","href":"https:\/\/api.w.org\/{rel}","templated":true}]}}