{"id":6295,"date":"2020-07-30T23:22:42","date_gmt":"2020-07-31T02:22:42","guid":{"rendered":"http:\/\/dgospel.com.br\/portal\/?p=6295"},"modified":"2020-07-30T23:22:43","modified_gmt":"2020-07-31T02:22:43","slug":"bolsonaro-chegarao-100-milhoes-de-vacinas-de-oxford","status":"publish","type":"post","link":"https:\/\/dgospel.com.br\/portal\/index.php\/2020\/07\/30\/bolsonaro-chegarao-100-milhoes-de-vacinas-de-oxford\/","title":{"rendered":"Bolsonaro: \u201cChegar\u00e3o 100 milh\u00f5es de vacinas de Oxford\u201d"},"content":{"rendered":"\n<p> O presidente Jair Bolsonaro disse, nesta quinta-feira (30), que 100 milh\u00f5es de doses da vacina contra Covid-19 chegar\u00e3o ao Brasil e ironizou o produto produzido pela China, que est\u00e1 sendo testado em parceria com o governo Jo\u00e3o Doria (PSDB-SP), seu advers\u00e1rio pol\u00edtico. <\/p>\n\n\n\n<p> \u2013 Se fala muito da vacina da Covid-19. N\u00f3s entramos naquele cons\u00f3rcio l\u00e1 de Oxford. Pelo que tudo indica, vai dar certo e 100 milh\u00f5es de unidades chegar\u00e3o para n\u00f3s. N\u00e3o \u00e9 daquele outro pa\u00eds n\u00e3o, t\u00e1 ok, pessoal? \u00c9 de Oxford a\u00ed. Quem n\u00e3o contraiu o v\u00edrus at\u00e9 l\u00e1\u2026 Eu n\u00e3o preciso tomar porque j\u00e1 estou safo \u2013 explicou Bolsonaro nesta noite em transmiss\u00e3o pela internet, a primeira desde que se curou do novo coronav\u00edrus. <\/p>\n\n\n\n<p>A parceria com a Universidade de Oxford foi anunciada pelo Minist\u00e9rio da Sa\u00fade em 27 de junho. Por\u00e9m, falta ainda a assinatura do acordo.<\/p>\n\n\n\n<p>De acordo com a Fiocruz, \u201ca expectativa \u00e9 que a assinatura ocorra durante o m\u00eas de agosto\u201d.<\/p>\n\n\n\n<p>Na semana passada, Jo\u00e3o Doria, virtual advers\u00e1rio de Bolsonaro na elei\u00e7\u00e3o presidencial de 2022, anunciou o in\u00edcio dos testes com a vacina produzida pela chinesa Sinovac. Na apresenta\u00e7\u00e3o, o governador procurou destacar as parcerias comerciais que o estado tem com a China.<\/p>\n\n\n\n<p>A Ag\u00eancia Nacional de Vigil\u00e2ncia Sanit\u00e1ria (Anvisa) autorizou tamb\u00e9m na semana passada a realiza\u00e7\u00e3o de testes da vacina produzida por Pfizer e BioNTech.<\/p>\n\n\n\n<p>Na transmiss\u00e3o desta quinta-feira, Bolsonaro voltou a elogiar a hidroxicloroquina e afirmou ter se submetido a um exame de sangue por ter sentido fraqueza.<\/p>\n\n\n\n<p>\u2013 Previsto ir a Bag\u00e9 [RS] amanh\u00e3 [sexta-feira (31)]. Acabei de fazer um exame de sangue, estava com um pouco de fraqueza ontem [quarta-feira], achava que estava com um pouco de infec\u00e7\u00e3o tamb\u00e9m. Tomei agora um antibi\u00f3tico. Depois de 20 dias dentro de casa, a gente pega outros problemas, peguei mofo, mofo no pulm\u00e3o deve ser. E amanh\u00e3, barra pesada, porque a temperatura l\u00e1 em Bag\u00e9 t\u00e1 zero grau \u2013 disse Bolsonaro.<\/p>\n\n\n\n<p>Na live, Bolsonaro defendeu o trabalho do ministro interino da Sa\u00fade, general Eduardo Pazuello, e criticou o primeiro nome a ocupar o posto em seu governo, o m\u00e9dico Luiz Henrique Mandetta.<\/p>\n\n\n\n<p>\u2013 Tivemos l\u00e1 um m\u00e9dico primeiro [Mandetta], \u00f3 a desgra\u00e7a que foi. O primeiro m\u00e9dico. O segundo foi muito r\u00e1pido, o garoto l\u00e1, o segundo ministro [ Nelson Teich], por quest\u00e3o de foro \u00edntimo resolveu sair, nada a falar sobre ele, tenho at\u00e9 a agradecer a colabora\u00e7\u00e3o que eles nos deu por um pequeno per\u00edodo de tempo ali. E o Pazuello \u00e9 um gestor \u2013 afirmou Bolsonaro.<\/p>\n\n\n\n<p>*Com Folhapress<\/p>\n","protected":false},"excerpt":{"rendered":"<p>O presidente Jair Bolsonaro disse, nesta quinta-feira (30), que 100 milh\u00f5es de doses da vacina contra Covid-19 chegar\u00e3o ao Brasil e ironizou o produto produzido pela China, que est\u00e1 sendo testado em parceria com o governo Jo\u00e3o Doria (PSDB-SP), seu advers\u00e1rio pol\u00edtico. \u2013 Se fala muito da vacina da Covid-19. N\u00f3s entramos naquele cons\u00f3rcio l\u00e1 [&hellip;]<\/p>\n","protected":false},"author":2,"featured_media":6296,"comment_status":"open","ping_status":"open","sticky":false,"template":"","format":"standard","meta":[],"categories":[4],"tags":[13,14],"_links":{"self":[{"href":"https:\/\/dgospel.com.br\/portal\/index.php\/wp-json\/wp\/v2\/posts\/6295"}],"collection":[{"href":"https:\/\/dgospel.com.br\/portal\/index.php\/wp-json\/wp\/v2\/posts"}],"about":[{"href":"https:\/\/dgospel.com.br\/portal\/index.php\/wp-json\/wp\/v2\/types\/post"}],"author":[{"embeddable":true,"href":"https:\/\/dgospel.com.br\/portal\/index.php\/wp-json\/wp\/v2\/users\/2"}],"replies":[{"embeddable":true,"href":"https:\/\/dgospel.com.br\/portal\/index.php\/wp-json\/wp\/v2\/comments?post=6295"}],"version-history":[{"count":1,"href":"https:\/\/dgospel.com.br\/portal\/index.php\/wp-json\/wp\/v2\/posts\/6295\/revisions"}],"predecessor-version":[{"id":6297,"href":"https:\/\/dgospel.com.br\/portal\/index.php\/wp-json\/wp\/v2\/posts\/6295\/revisions\/6297"}],"wp:featuredmedia":[{"embeddable":true,"href":"https:\/\/dgospel.com.br\/portal\/index.php\/wp-json\/wp\/v2\/media\/6296"}],"wp:attachment":[{"href":"https:\/\/dgospel.com.br\/portal\/index.php\/wp-json\/wp\/v2\/media?parent=6295"}],"wp:term":[{"taxonomy":"category","embeddable":true,"href":"https:\/\/dgospel.com.br\/portal\/index.php\/wp-json\/wp\/v2\/categories?post=6295"},{"taxonomy":"post_tag","embeddable":true,"href":"https:\/\/dgospel.com.br\/portal\/index.php\/wp-json\/wp\/v2\/tags?post=6295"}],"curies":[{"name":"wp","href":"https:\/\/api.w.org\/{rel}","templated":true}]}}