{"id":6299,"date":"2020-08-03T10:17:30","date_gmt":"2020-08-03T13:17:30","guid":{"rendered":"http:\/\/dgospel.com.br\/portal\/?p=6299"},"modified":"2020-08-03T10:18:38","modified_gmt":"2020-08-03T13:18:38","slug":"deputado-leo-barbosa-lamenta-morte-do-prefeito-de-santa-tereza-do-tocantins","status":"publish","type":"post","link":"https:\/\/dgospel.com.br\/portal\/index.php\/2020\/08\/03\/deputado-leo-barbosa-lamenta-morte-do-prefeito-de-santa-tereza-do-tocantins\/","title":{"rendered":"Deputado L\u00e9o Barbosa lamenta morte do prefeito de Santa Tereza do Tocantins"},"content":{"rendered":"\n<p>\n\nO deputado estadual L\u00e9o Barbosa (SD), lamentou a morte do prefeito de Santa Tereza do Tocantins, Jos\u00e9 Raimundo de Souza, 62 anos, v\u00edtima de um infarto na noite deste s\u00e1bado (01).&nbsp;<br>O parlamentar, que al\u00e9m de companheiro na pol\u00edtica, tamb\u00e9m era amigo de Z\u00e9 Raimundo, destacou sua trajet\u00f3ria pol\u00edtica pelo munic\u00edpio de Santa Tereza e disse ter compartilhado muitos momentos de alegria com ele. &#8220;Ainda tinha muitos sonhos e planos para l\u00e1 realizar&#8221;, escreveu em nota.<br>Jos\u00e9 Raimundo, tamb\u00e9m conhecido como Raimundo Gordo, era filiado ao PSD e estava no seu primeiro mandato como prefeito. Entre os anos de 2013 a 2016 ocupou o cargo de vice-prefeito do munic\u00edpio e antes disso foi eleito vereador por v\u00e1rios mandatos.<\/p>\n\n\n\n<p>Confira a nota na \u00edntegra:<br>Nota de Pesar &#8211; Jos\u00e9 Raimundo de Souza, Prefeito de Santa Tereza do Tocantins&nbsp;<br>Recebo com grande pesar, a not\u00edcia do falecimento do prefeito de Santa Tereza do Tocantins, meu amigo e companheiro de pol\u00edtica, Jos\u00e9 Raimundo de Sousa Santos, 62 anos, ocorrido neste s\u00e1bado, 1\u00ba.<br>Ele estava no primeiro mandato de prefeito e tinha sido vice-prefeito entre 2013 a 2016. Tive a satisfa\u00e7\u00e3o de dividir in\u00fameros momentos de alegria com este grande homem, que dedicou anos de sua vida pelo munic\u00edpio de Santa Tereza e que ainda tinha muitos sonhos e planos para l\u00e1 realizar.<br>Neste momento t\u00e3o dif\u00edcil pedimos a Deus que conforte os cora\u00e7\u00f5es dos familiares e amigos, e que a luz e o amor divino estejam com todos que agora sofrem essa perda. A Deus pedimos tamb\u00e9m que conceda ao Raimundo muita paz e repouso eterno em seu reino.&nbsp;\n\n<\/p>\n","protected":false},"excerpt":{"rendered":"<p>O deputado estadual L\u00e9o Barbosa (SD), lamentou a morte do prefeito de Santa Tereza do Tocantins, Jos\u00e9 Raimundo de Souza, 62 anos, v\u00edtima de um infarto na noite deste s\u00e1bado (01).&nbsp;O parlamentar, que al\u00e9m de companheiro na pol\u00edtica, tamb\u00e9m era amigo de Z\u00e9 Raimundo, destacou sua trajet\u00f3ria pol\u00edtica pelo munic\u00edpio de Santa Tereza e disse [&hellip;]<\/p>\n","protected":false},"author":2,"featured_media":5794,"comment_status":"open","ping_status":"open","sticky":false,"template":"","format":"standard","meta":[],"categories":[8],"tags":[13],"_links":{"self":[{"href":"https:\/\/dgospel.com.br\/portal\/index.php\/wp-json\/wp\/v2\/posts\/6299"}],"collection":[{"href":"https:\/\/dgospel.com.br\/portal\/index.php\/wp-json\/wp\/v2\/posts"}],"about":[{"href":"https:\/\/dgospel.com.br\/portal\/index.php\/wp-json\/wp\/v2\/types\/post"}],"author":[{"embeddable":true,"href":"https:\/\/dgospel.com.br\/portal\/index.php\/wp-json\/wp\/v2\/users\/2"}],"replies":[{"embeddable":true,"href":"https:\/\/dgospel.com.br\/portal\/index.php\/wp-json\/wp\/v2\/comments?post=6299"}],"version-history":[{"count":1,"href":"https:\/\/dgospel.com.br\/portal\/index.php\/wp-json\/wp\/v2\/posts\/6299\/revisions"}],"predecessor-version":[{"id":6300,"href":"https:\/\/dgospel.com.br\/portal\/index.php\/wp-json\/wp\/v2\/posts\/6299\/revisions\/6300"}],"wp:featuredmedia":[{"embeddable":true,"href":"https:\/\/dgospel.com.br\/portal\/index.php\/wp-json\/wp\/v2\/media\/5794"}],"wp:attachment":[{"href":"https:\/\/dgospel.com.br\/portal\/index.php\/wp-json\/wp\/v2\/media?parent=6299"}],"wp:term":[{"taxonomy":"category","embeddable":true,"href":"https:\/\/dgospel.com.br\/portal\/index.php\/wp-json\/wp\/v2\/categories?post=6299"},{"taxonomy":"post_tag","embeddable":true,"href":"https:\/\/dgospel.com.br\/portal\/index.php\/wp-json\/wp\/v2\/tags?post=6299"}],"curies":[{"name":"wp","href":"https:\/\/api.w.org\/{rel}","templated":true}]}}