{"id":6314,"date":"2020-08-05T16:37:46","date_gmt":"2020-08-05T19:37:46","guid":{"rendered":"http:\/\/dgospel.com.br\/portal\/?p=6314"},"modified":"2020-08-05T16:37:48","modified_gmt":"2020-08-05T19:37:48","slug":"cresce-em-palmas-procura-por-atendimento-em-saude-mental-online-oferecido-pela-semus-durante-a-pandemia","status":"publish","type":"post","link":"https:\/\/dgospel.com.br\/portal\/index.php\/2020\/08\/05\/cresce-em-palmas-procura-por-atendimento-em-saude-mental-online-oferecido-pela-semus-durante-a-pandemia\/","title":{"rendered":"Cresce em Palmas procura por atendimento em sa\u00fade mental online oferecido pela Semus durante a pandemia"},"content":{"rendered":"\n<p>A pandemia do novo coronav\u00edrus (Covid-19) tem provocado diversos desarranjos emocionais. Segundo especialistas, a sa\u00fade mental pode ser afetada por conta do medo, do isolamento social, da mudan\u00e7a de rotina, protocolos severos de higiene que devem ser seguidos, tendo como objetivo evitar a contamina\u00e7\u00e3o e tantos outros fatores, que levam as pessoas a tomar atitudes para enfrentar o perigo.<\/p>\n\n\n\n<p>E pensando no bem-estar da popula\u00e7\u00e3o, a Secretaria Municipal de Sa\u00fade (Semus) de Palmas tem dado suporte online e gratuito em sa\u00fade mental,&nbsp; al\u00e9m do apoio psicol\u00f3gico que j\u00e1 era ofertado presencialmente na rede municipal. Desde o in\u00edcio da pandemia, 3.778 atendimentos online em sa\u00fade mental foram realizados na Capital.<\/p>\n\n\n\n<p>Segundo a psic\u00f3loga e coordenadora do projeto de atendimento online, Leny Meire Correa Molinari Carrasco, em Palmas foi poss\u00edvel constatar um aumento crescente e consider\u00e1vel da procura pelo servi\u00e7o desde sua implanta\u00e7\u00e3o. No decorrer dos atendimentos, percebeu-se, em m\u00e9dia, 79,1% das pessoas atendidas apresentaram sintomas de ansiedade, com 45,6% relacionadas \u00e0 Covid-19. J\u00e1 26,1% apresentaram medo de ser infectadas pelo novo coronav\u00edrus e 17,1 % apresentaram temor de adquirir doen\u00e7as em geral.<\/p>\n\n\n\n<p>O atendimento online \u00e9 pontual e n\u00e3o \u00e9 necess\u00e1rio que o paciente tenha uma a doen\u00e7a psicol\u00f3gica diagnosticada para procurar o servi\u00e7o. \u201cO projeto tem como estrat\u00e9gia a psicoterapia breve, na qual \u00e9 feita uma escuta e orienta\u00e7\u00e3o para um problema que ocorre no atual momento. \u00c9 um suporte para o enfrentamento da situa\u00e7\u00e3o de pandemia. Existem pessoas que desenvolvem ansiedade, tristeza, melancolia e outras situa\u00e7\u00f5es\u201d, explica a profissional.<\/p>\n\n\n\n<p>Leny descreve que a demanda tem duas vertentes. \u201cA primeira \u00e9 espont\u00e2nea, o paciente faz contato direto por achar que n\u00e3o est\u00e1 bem e procura o servi\u00e7o. A outra demanda \u00e9 de pacientes que positivam para a Covid-19. Esses recebem o contato de psic\u00f3logos oferecendo o acompanhamento mediante a necessidade do paciente\u201d, pontua ela.<\/p>\n\n\n\n<p>O servi\u00e7o pode ser solicitado por meio do&nbsp;<a rel=\"noreferrer noopener\" target=\"_blank\" href=\"https:\/\/forms.gle\/ycwEq57hD2STpyV6A\">endere\u00e7o eletr\u00f4nico<\/a>, onde a pessoa interessada deve preencher um formul\u00e1rio com contato telef\u00f4nico, nome completo, n\u00famero do cart\u00e3o do SUS e motivo da busca pelo atendimento que \u00e9 feito pelo WhatsApp. Caso a pessoa n\u00e3o utilize o aplicativo, o aux\u00edlio pode ser buscado pelo telefone 3218-5460.<\/p>\n\n\n\n<p>Em caso de necessidade de consulta psiqui\u00e1trica, o psic\u00f3logo que estiver realizando o atendimento pode encaminhar o paciente para sua Unidade de Sa\u00fade da Fam\u00edlia (USF), onde o m\u00e9dico pode solicitar uma consulta especializada nos ambulat\u00f3rios que possuem atendimento psiqui\u00e1trico em Palmas.<\/p>\n\n\n\n<p>Vale destacar que o atendimento online n\u00e3o se configura como servi\u00e7o de urg\u00eancia e emerg\u00eancia em sa\u00fade mental. A Semus orienta que para casos de urg\u00eancia (paciente que necessita de atendimento em at\u00e9 48 horas, o paciente deve procurar o Centro de Atendimento Psicossocial (Caps II),&nbsp; de segunda sexta, das 7 \u00e0s 13 horas, ou o Caps AD III, 24 horas por dia. J\u00e1 em casos de emerg\u00eancia (n\u00e3o pode esperar), o paciente deve ser levado para uma Unidade de Pronto Atendimento (UPA) ou hospital de refer\u00eancia.<\/p>\n\n\n\n<p><strong>Atendimento<\/strong><\/p>\n\n\n\n<p>Atendem a popula\u00e7\u00e3o, servidores do corpo t\u00e9cnico da Semus, residentes multiprofissionais em Sa\u00fade Coletiva, Sa\u00fade Mental e Sa\u00fade da Fam\u00edlia da Funda\u00e7\u00e3o Escola de Sa\u00fade P\u00fablica (Fesp), dentre eles 21 psic\u00f3logos Equipe Multiprofissional da Aten\u00e7\u00e3o Prim\u00e1ria (NASF-AB), nove residentes de sa\u00fade mental como t\u00e9cnicos de refer\u00eancia e um terapeuta ocupacional.<\/p>\n\n\n\n<p><strong>Projeto<\/strong><\/p>\n\n\n\n<p>O projeto de atendimento virtual foi elaborado pela \u00e1rea t\u00e9cnica da Sa\u00fade Mental ligada \u00e0 Diretoria de M\u00e9dia e Alta Complexidade, em parceria com a Diretoria de Aten\u00e7\u00e3o Prim\u00e1ria e a Resid\u00eancia em Sa\u00fade da Funda\u00e7\u00e3o Escola de Sa\u00fade P\u00fablica de Palmas (Fesp) e Conselho Regional de Psicologia.<br>&#8212;<\/p>\n\n\n\n<p><\/p>\n","protected":false},"excerpt":{"rendered":"<p>A pandemia do novo coronav\u00edrus (Covid-19) tem provocado diversos desarranjos emocionais. Segundo especialistas, a sa\u00fade mental pode ser afetada por conta do medo, do isolamento social, da mudan\u00e7a de rotina, protocolos severos de higiene que devem ser seguidos, tendo como objetivo evitar a contamina\u00e7\u00e3o e tantos outros fatores, que levam as pessoas a tomar atitudes [&hellip;]<\/p>\n","protected":false},"author":2,"featured_media":6315,"comment_status":"open","ping_status":"open","sticky":false,"template":"","format":"standard","meta":[],"categories":[3],"tags":[13],"_links":{"self":[{"href":"https:\/\/dgospel.com.br\/portal\/index.php\/wp-json\/wp\/v2\/posts\/6314"}],"collection":[{"href":"https:\/\/dgospel.com.br\/portal\/index.php\/wp-json\/wp\/v2\/posts"}],"about":[{"href":"https:\/\/dgospel.com.br\/portal\/index.php\/wp-json\/wp\/v2\/types\/post"}],"author":[{"embeddable":true,"href":"https:\/\/dgospel.com.br\/portal\/index.php\/wp-json\/wp\/v2\/users\/2"}],"replies":[{"embeddable":true,"href":"https:\/\/dgospel.com.br\/portal\/index.php\/wp-json\/wp\/v2\/comments?post=6314"}],"version-history":[{"count":1,"href":"https:\/\/dgospel.com.br\/portal\/index.php\/wp-json\/wp\/v2\/posts\/6314\/revisions"}],"predecessor-version":[{"id":6316,"href":"https:\/\/dgospel.com.br\/portal\/index.php\/wp-json\/wp\/v2\/posts\/6314\/revisions\/6316"}],"wp:featuredmedia":[{"embeddable":true,"href":"https:\/\/dgospel.com.br\/portal\/index.php\/wp-json\/wp\/v2\/media\/6315"}],"wp:attachment":[{"href":"https:\/\/dgospel.com.br\/portal\/index.php\/wp-json\/wp\/v2\/media?parent=6314"}],"wp:term":[{"taxonomy":"category","embeddable":true,"href":"https:\/\/dgospel.com.br\/portal\/index.php\/wp-json\/wp\/v2\/categories?post=6314"},{"taxonomy":"post_tag","embeddable":true,"href":"https:\/\/dgospel.com.br\/portal\/index.php\/wp-json\/wp\/v2\/tags?post=6314"}],"curies":[{"name":"wp","href":"https:\/\/api.w.org\/{rel}","templated":true}]}}