{"id":6320,"date":"2020-08-05T17:18:00","date_gmt":"2020-08-05T20:18:00","guid":{"rendered":"http:\/\/dgospel.com.br\/portal\/?p=6320"},"modified":"2020-08-05T17:18:02","modified_gmt":"2020-08-05T20:18:02","slug":"governo-do-tocantins-oferta-mais-leitos-de-uti-covid-em-palmas-e-araguaina","status":"publish","type":"post","link":"https:\/\/dgospel.com.br\/portal\/index.php\/2020\/08\/05\/governo-do-tocantins-oferta-mais-leitos-de-uti-covid-em-palmas-e-araguaina\/","title":{"rendered":"Governo do Tocantins oferta mais leitos de UTI Covid em Palmas e Aragua\u00edna"},"content":{"rendered":"\n<p>O Governo do Tocantins, por meio da Secretaria de Estado da Sa\u00fade (SES), com o compromisso permanente de ampliar o atendimento a pacientes com Covid-19, j\u00e1 est\u00e1 ofertando mais dez novos leitos de UTI Covid em unidade privada de Palmas, no Hospital Santa Thereza e mais dez leitos de UTI Covid em Aragua\u00edna, no Instituto Sinai, um esfor\u00e7o concentrado da Gest\u00e3o que, nos \u00faltimos dias, conseguiu ampliar a oferta desses servi\u00e7os para popula\u00e7\u00e3o.<\/p>\n\n\n\n<p>Foi retomada ainda a operacionaliza\u00e7\u00e3o de outros sete leitos j\u00e1 existentes no Hospital Regional de Aragua\u00edna (HRA), mas que estavam bloqueados por falta de recursos humanos. Ap\u00f3s convoca\u00e7\u00e3o de profissionais, foi poss\u00edvel garantir a oferta integral de assist\u00eancia na unidade. \u201cTemos trabalhado arduamente para buscar mais qualidade no atendimento aos pacientes com Covid-19. A oferta de novos leitos para o Tocantins \u00e9 uma grande conquista da gest\u00e3o, al\u00e9m de garantir em Aragua\u00edna, no Hospital Regional, os 17 leitos de UTI Covid em opera\u00e7\u00e3o\u201d, ressalta doutor Edgar Tollini, secret\u00e1rio de Estado da Sa\u00fade.<\/p>\n\n\n\n<p><strong>Mais a\u00e7\u00f5es<\/strong><\/p>\n\n\n\n<p>O Governo do Tocantins ofertou, ao munic\u00edpio de Aragua\u00edna, dez ventiladores pulmonares, conforme solicita\u00e7\u00e3o feita por of\u00edcio, em que a Secretaria Municipal de Sa\u00fade de Aragua\u00edna destaca estar com &#8220;toda estrutura f\u00edsica e recursos humanos dispon\u00edveis para funcionamento de dez novos leitos de UTI Covid no Hospital Municipal de Campanha&#8221;.&nbsp; Esta \u00e9 mais uma demonstra\u00e7\u00e3o do apoio constante neste enfrentamento \u00e0 Covid-19, em parceira com os munic\u00edpios.<\/p>\n\n\n\n<p>Os equipamentos cedidos s\u00e3o fundamentais para a instala\u00e7\u00e3o de novos leitos de UTI e ir\u00e3o refor\u00e7ar os j\u00e1 existentes na regi\u00e3o norte do Tocantins, o que assegura o compromisso da Gest\u00e3o Estadual em buscar solu\u00e7\u00f5es para amplia\u00e7\u00e3o dos atendimentos da popula\u00e7\u00e3o.<\/p>\n","protected":false},"excerpt":{"rendered":"<p>O Governo do Tocantins, por meio da Secretaria de Estado da Sa\u00fade (SES), com o compromisso permanente de ampliar o atendimento a pacientes com Covid-19, j\u00e1 est\u00e1 ofertando mais dez novos leitos de UTI Covid em unidade privada de Palmas, no Hospital Santa Thereza e mais dez leitos de UTI Covid em Aragua\u00edna, no Instituto [&hellip;]<\/p>\n","protected":false},"author":2,"featured_media":6321,"comment_status":"open","ping_status":"open","sticky":false,"template":"","format":"standard","meta":[],"categories":[3],"tags":[13],"_links":{"self":[{"href":"https:\/\/dgospel.com.br\/portal\/index.php\/wp-json\/wp\/v2\/posts\/6320"}],"collection":[{"href":"https:\/\/dgospel.com.br\/portal\/index.php\/wp-json\/wp\/v2\/posts"}],"about":[{"href":"https:\/\/dgospel.com.br\/portal\/index.php\/wp-json\/wp\/v2\/types\/post"}],"author":[{"embeddable":true,"href":"https:\/\/dgospel.com.br\/portal\/index.php\/wp-json\/wp\/v2\/users\/2"}],"replies":[{"embeddable":true,"href":"https:\/\/dgospel.com.br\/portal\/index.php\/wp-json\/wp\/v2\/comments?post=6320"}],"version-history":[{"count":1,"href":"https:\/\/dgospel.com.br\/portal\/index.php\/wp-json\/wp\/v2\/posts\/6320\/revisions"}],"predecessor-version":[{"id":6322,"href":"https:\/\/dgospel.com.br\/portal\/index.php\/wp-json\/wp\/v2\/posts\/6320\/revisions\/6322"}],"wp:featuredmedia":[{"embeddable":true,"href":"https:\/\/dgospel.com.br\/portal\/index.php\/wp-json\/wp\/v2\/media\/6321"}],"wp:attachment":[{"href":"https:\/\/dgospel.com.br\/portal\/index.php\/wp-json\/wp\/v2\/media?parent=6320"}],"wp:term":[{"taxonomy":"category","embeddable":true,"href":"https:\/\/dgospel.com.br\/portal\/index.php\/wp-json\/wp\/v2\/categories?post=6320"},{"taxonomy":"post_tag","embeddable":true,"href":"https:\/\/dgospel.com.br\/portal\/index.php\/wp-json\/wp\/v2\/tags?post=6320"}],"curies":[{"name":"wp","href":"https:\/\/api.w.org\/{rel}","templated":true}]}}