{"id":6323,"date":"2020-08-05T17:21:28","date_gmt":"2020-08-05T20:21:28","guid":{"rendered":"http:\/\/dgospel.com.br\/portal\/?p=6323"},"modified":"2020-08-05T17:21:29","modified_gmt":"2020-08-05T20:21:29","slug":"pm-do-rio-acusa-stf-de-criar-zona-de-protecao-ao-crime","status":"publish","type":"post","link":"https:\/\/dgospel.com.br\/portal\/index.php\/2020\/08\/05\/pm-do-rio-acusa-stf-de-criar-zona-de-protecao-ao-crime\/","title":{"rendered":"PM do Rio acusa STF de criar \u201czona de prote\u00e7\u00e3o ao crime\u201d"},"content":{"rendered":"\n<p>O governador do Rio de Janeiro, Wilson Witzel, enviou um of\u00edcio ao Supremo Tribunal Federal culpando a Corte pelo aumento na criminalidade em comunidades. Recentemente, os ministros confirmaram a proibi\u00e7\u00e3o de opera\u00e7\u00f5es policiais em favelas durante a pandemia.<\/p>\n\n\n\n<p>J\u00e1 a pol\u00edcia do estado foi al\u00e9m, e acusou o STF de criar uma \u201czona de prote\u00e7\u00e3o ao crime organizado\u201d.<\/p>\n\n\n\n<p>Desde que as opera\u00e7\u00f5es policiais foram suspensas, eventos como bailes funk e festas de rua voltaram a acontecer com for\u00e7a total nas favelas. Aos fins de semana, \u00e9 poss\u00edvel ver grandes aglomera\u00e7\u00f5es e at\u00e9 criminosos portando fuzis e circulando livremente entre moradores.<\/p>\n\n\n\n<p>No dia 5 de junho, o ministro Edson Fachin emitiu uma medida cautelar determinando que \u201cn\u00e3o se realizem opera\u00e7\u00f5es policiais em comunidades do Rio de Janeiro durante a epidemia da Covid-19\u201d. J\u00e1 na \u00faltima segunda-feira (3), ap\u00f3s o recesso do Judici\u00e1rio, o plen\u00e1rio do STF formou maioria a favor da liminar, com nove votos seguindo Fachin e dois contra.<\/p>\n","protected":false},"excerpt":{"rendered":"<p>O governador do Rio de Janeiro, Wilson Witzel, enviou um of\u00edcio ao Supremo Tribunal Federal culpando a Corte pelo aumento na criminalidade em comunidades. Recentemente, os ministros confirmaram a proibi\u00e7\u00e3o de opera\u00e7\u00f5es policiais em favelas durante a pandemia. J\u00e1 a pol\u00edcia do estado foi al\u00e9m, e acusou o STF de criar uma \u201czona de prote\u00e7\u00e3o [&hellip;]<\/p>\n","protected":false},"author":2,"featured_media":6324,"comment_status":"open","ping_status":"open","sticky":false,"template":"","format":"standard","meta":[],"categories":[6],"tags":[13,14],"_links":{"self":[{"href":"https:\/\/dgospel.com.br\/portal\/index.php\/wp-json\/wp\/v2\/posts\/6323"}],"collection":[{"href":"https:\/\/dgospel.com.br\/portal\/index.php\/wp-json\/wp\/v2\/posts"}],"about":[{"href":"https:\/\/dgospel.com.br\/portal\/index.php\/wp-json\/wp\/v2\/types\/post"}],"author":[{"embeddable":true,"href":"https:\/\/dgospel.com.br\/portal\/index.php\/wp-json\/wp\/v2\/users\/2"}],"replies":[{"embeddable":true,"href":"https:\/\/dgospel.com.br\/portal\/index.php\/wp-json\/wp\/v2\/comments?post=6323"}],"version-history":[{"count":1,"href":"https:\/\/dgospel.com.br\/portal\/index.php\/wp-json\/wp\/v2\/posts\/6323\/revisions"}],"predecessor-version":[{"id":6325,"href":"https:\/\/dgospel.com.br\/portal\/index.php\/wp-json\/wp\/v2\/posts\/6323\/revisions\/6325"}],"wp:featuredmedia":[{"embeddable":true,"href":"https:\/\/dgospel.com.br\/portal\/index.php\/wp-json\/wp\/v2\/media\/6324"}],"wp:attachment":[{"href":"https:\/\/dgospel.com.br\/portal\/index.php\/wp-json\/wp\/v2\/media?parent=6323"}],"wp:term":[{"taxonomy":"category","embeddable":true,"href":"https:\/\/dgospel.com.br\/portal\/index.php\/wp-json\/wp\/v2\/categories?post=6323"},{"taxonomy":"post_tag","embeddable":true,"href":"https:\/\/dgospel.com.br\/portal\/index.php\/wp-json\/wp\/v2\/tags?post=6323"}],"curies":[{"name":"wp","href":"https:\/\/api.w.org\/{rel}","templated":true}]}}