{"id":6326,"date":"2020-08-05T17:25:37","date_gmt":"2020-08-05T20:25:37","guid":{"rendered":"http:\/\/dgospel.com.br\/portal\/?p=6326"},"modified":"2020-08-05T17:25:39","modified_gmt":"2020-08-05T20:25:39","slug":"web-da-recado-a-esquerda-opovoelegeubolsonaro","status":"publish","type":"post","link":"https:\/\/dgospel.com.br\/portal\/index.php\/2020\/08\/05\/web-da-recado-a-esquerda-opovoelegeubolsonaro\/","title":{"rendered":"Web d\u00e1 recado \u00e0 esquerda: #OPovoElegeuBolsonaro"},"content":{"rendered":"\n<p>Usu\u00e1rios de redes sociais se uniram, nesta quarta-feira (5), para mandar um recado \u00e0 esquerda, de que foi o povo quem elegeu Jair Bolsonaro. No Twitter, apoiadores do presidente levantaram a&nbsp;<a href=\"https:\/\/twitter.com\/search?q=%23OPovoElegeuBolsonaro&amp;src=trend_click\" target=\"_blank\" rel=\"noreferrer noopener\">#OPovoElegeuBolsonaro<\/a>&nbsp;e levaram a tag a ser o assunto mais comentado na rede social.<\/p>\n\n\n\n<p>Nas publica\u00e7\u00f5es, usu\u00e1rios demonstraram orgulho de seu voto, fizeram cr\u00edticas \u00e0 esquerda e elogiaram Jair Bolsonaro.<\/p>\n\n\n\n<p>\n\nAl\u00e9m disso, os apoiadores tamb\u00e9m reafirmaram seu voto em 2022.\n\n<\/p>\n","protected":false},"excerpt":{"rendered":"<p>Usu\u00e1rios de redes sociais se uniram, nesta quarta-feira (5), para mandar um recado \u00e0 esquerda, de que foi o povo quem elegeu Jair Bolsonaro. No Twitter, apoiadores do presidente levantaram a&nbsp;#OPovoElegeuBolsonaro&nbsp;e levaram a tag a ser o assunto mais comentado na rede social. Nas publica\u00e7\u00f5es, usu\u00e1rios demonstraram orgulho de seu voto, fizeram cr\u00edticas \u00e0 esquerda [&hellip;]<\/p>\n","protected":false},"author":2,"featured_media":6327,"comment_status":"open","ping_status":"open","sticky":false,"template":"","format":"standard","meta":[],"categories":[4],"tags":[13],"_links":{"self":[{"href":"https:\/\/dgospel.com.br\/portal\/index.php\/wp-json\/wp\/v2\/posts\/6326"}],"collection":[{"href":"https:\/\/dgospel.com.br\/portal\/index.php\/wp-json\/wp\/v2\/posts"}],"about":[{"href":"https:\/\/dgospel.com.br\/portal\/index.php\/wp-json\/wp\/v2\/types\/post"}],"author":[{"embeddable":true,"href":"https:\/\/dgospel.com.br\/portal\/index.php\/wp-json\/wp\/v2\/users\/2"}],"replies":[{"embeddable":true,"href":"https:\/\/dgospel.com.br\/portal\/index.php\/wp-json\/wp\/v2\/comments?post=6326"}],"version-history":[{"count":1,"href":"https:\/\/dgospel.com.br\/portal\/index.php\/wp-json\/wp\/v2\/posts\/6326\/revisions"}],"predecessor-version":[{"id":6328,"href":"https:\/\/dgospel.com.br\/portal\/index.php\/wp-json\/wp\/v2\/posts\/6326\/revisions\/6328"}],"wp:featuredmedia":[{"embeddable":true,"href":"https:\/\/dgospel.com.br\/portal\/index.php\/wp-json\/wp\/v2\/media\/6327"}],"wp:attachment":[{"href":"https:\/\/dgospel.com.br\/portal\/index.php\/wp-json\/wp\/v2\/media?parent=6326"}],"wp:term":[{"taxonomy":"category","embeddable":true,"href":"https:\/\/dgospel.com.br\/portal\/index.php\/wp-json\/wp\/v2\/categories?post=6326"},{"taxonomy":"post_tag","embeddable":true,"href":"https:\/\/dgospel.com.br\/portal\/index.php\/wp-json\/wp\/v2\/tags?post=6326"}],"curies":[{"name":"wp","href":"https:\/\/api.w.org\/{rel}","templated":true}]}}