{"id":6332,"date":"2020-08-05T21:49:23","date_gmt":"2020-08-06T00:49:23","guid":{"rendered":"http:\/\/dgospel.com.br\/portal\/?p=6332"},"modified":"2020-08-05T21:49:25","modified_gmt":"2020-08-06T00:49:25","slug":"bolsonaro-sanciona-lei-que-facilita-negociacao-de-dividas","status":"publish","type":"post","link":"https:\/\/dgospel.com.br\/portal\/index.php\/2020\/08\/05\/bolsonaro-sanciona-lei-que-facilita-negociacao-de-dividas\/","title":{"rendered":"Bolsonaro sanciona lei que facilita negocia\u00e7\u00e3o de d\u00edvidas"},"content":{"rendered":"\n<p>O presidente Jair Bolsonaro sancionou nesta quarta-feira (5) um projeto de lei que permite a renegocia\u00e7\u00e3o de d\u00edvidas de micro e pequenas empresas inscritas no Simples Nacional com o governo. O presidente anunciou a san\u00e7\u00e3o numa live acompanhado por parlamentares que trabalharam na tramita\u00e7\u00e3o da proposta no Congresso Nacional.<\/p>\n\n\n\n<p>A proposta agora sancionada pelo presidente permite que as empresas optantes do Simples Nacional renegociem suas d\u00edvidas atrav\u00e9s da chamada transa\u00e7\u00e3o tribut\u00e1ria, que permite a celebra\u00e7\u00e3o de acordo para a extin\u00e7\u00e3o do passivo.<\/p>\n\n\n\n<p>Essa possibilidade j\u00e1 existia para empresas que deviam impostos federais, mas n\u00e3o se estendia ao regime especial de tributa\u00e7\u00e3o do Simples. Assessor especial do Minist\u00e9rio da Economia, o ex-ministro Guilherme Afif afirma que hoje h\u00e1 cerca de 1,3 milh\u00e3o de micro e pequenas empresas com d\u00e9bitos referentes ao Simples inscritos na d\u00edvida ativa da Uni\u00e3o, num montante que chega a R$ 116 bilh\u00f5es.<\/p>\n\n\n\n<p>\u2013 Essa transa\u00e7\u00e3o tribut\u00e1ria vai dar condi\u00e7\u00f5es a eles [pequenos e micro empres\u00e1rios] de fazerem uma negocia\u00e7\u00e3o combinada com o governo sem aquela hist\u00f3ria de isenta tudo como \u00e9 o Refis \u2013 disse o senador Jorginho Mello (PL-SC), relator da medida no Senado, que participou da live com Bolsonaro.<\/p>\n\n\n\n<p>O Pal\u00e1cio do Planalto ainda n\u00e3o forneceu informa\u00e7\u00f5es oficiais sobre a proposi\u00e7\u00e3o, mas o senador afirmou que o presidente sancionou integralmente o texto.<\/p>\n\n\n\n<p>\u2013 [Foram] v\u00e1rias medidas propostas pelo governo, desde o in\u00edcio da pandemia. J\u00e1 que atribui\u00e7\u00e3o de medidas restritivas, segundo o Supremo, coube a estados e munic\u00edpios. Ent\u00e3o estamos basicamente fechando o leque de atendimento para a manuten\u00e7\u00e3o do emprego no Brasil \u2013 disse Bolsonaro.<\/p>\n\n\n\n<p>O texto foi aprovado por unanimidade pelo Senado em meados de julho. A reda\u00e7\u00e3o tamb\u00e9m amplia prazos para que micro e pequenas empresas fa\u00e7am a op\u00e7\u00e3o pelo Simples.<\/p>\n\n\n\n<p>\u2013 Neste momento \u00e9 uma coisa muito importante, principalmente para as milh\u00f5es de empresas que est\u00e3o em dificuldade e que agora sabem que t\u00eam uma m\u00e3o que possa auxili\u00e1-las \u2013 disse Afif.<\/p>\n\n\n\n<p>*Folhapress<\/p>\n","protected":false},"excerpt":{"rendered":"<p>O presidente Jair Bolsonaro sancionou nesta quarta-feira (5) um projeto de lei que permite a renegocia\u00e7\u00e3o de d\u00edvidas de micro e pequenas empresas inscritas no Simples Nacional com o governo. O presidente anunciou a san\u00e7\u00e3o numa live acompanhado por parlamentares que trabalharam na tramita\u00e7\u00e3o da proposta no Congresso Nacional. A proposta agora sancionada pelo presidente [&hellip;]<\/p>\n","protected":false},"author":2,"featured_media":6002,"comment_status":"open","ping_status":"open","sticky":false,"template":"","format":"standard","meta":[],"categories":[6,4],"tags":[13,14],"_links":{"self":[{"href":"https:\/\/dgospel.com.br\/portal\/index.php\/wp-json\/wp\/v2\/posts\/6332"}],"collection":[{"href":"https:\/\/dgospel.com.br\/portal\/index.php\/wp-json\/wp\/v2\/posts"}],"about":[{"href":"https:\/\/dgospel.com.br\/portal\/index.php\/wp-json\/wp\/v2\/types\/post"}],"author":[{"embeddable":true,"href":"https:\/\/dgospel.com.br\/portal\/index.php\/wp-json\/wp\/v2\/users\/2"}],"replies":[{"embeddable":true,"href":"https:\/\/dgospel.com.br\/portal\/index.php\/wp-json\/wp\/v2\/comments?post=6332"}],"version-history":[{"count":1,"href":"https:\/\/dgospel.com.br\/portal\/index.php\/wp-json\/wp\/v2\/posts\/6332\/revisions"}],"predecessor-version":[{"id":6333,"href":"https:\/\/dgospel.com.br\/portal\/index.php\/wp-json\/wp\/v2\/posts\/6332\/revisions\/6333"}],"wp:featuredmedia":[{"embeddable":true,"href":"https:\/\/dgospel.com.br\/portal\/index.php\/wp-json\/wp\/v2\/media\/6002"}],"wp:attachment":[{"href":"https:\/\/dgospel.com.br\/portal\/index.php\/wp-json\/wp\/v2\/media?parent=6332"}],"wp:term":[{"taxonomy":"category","embeddable":true,"href":"https:\/\/dgospel.com.br\/portal\/index.php\/wp-json\/wp\/v2\/categories?post=6332"},{"taxonomy":"post_tag","embeddable":true,"href":"https:\/\/dgospel.com.br\/portal\/index.php\/wp-json\/wp\/v2\/tags?post=6332"}],"curies":[{"name":"wp","href":"https:\/\/api.w.org\/{rel}","templated":true}]}}