{"id":6334,"date":"2020-08-05T21:58:01","date_gmt":"2020-08-06T00:58:01","guid":{"rendered":"http:\/\/dgospel.com.br\/portal\/?p=6334"},"modified":"2020-08-05T21:58:02","modified_gmt":"2020-08-06T00:58:02","slug":"damares-processa-ciro-gomes-por-ofensas-desprezivel","status":"publish","type":"post","link":"https:\/\/dgospel.com.br\/portal\/index.php\/2020\/08\/05\/damares-processa-ciro-gomes-por-ofensas-desprezivel\/","title":{"rendered":"Damares processa Ciro Gomes por ofensas: \u201cDesprez\u00edvel\u201d"},"content":{"rendered":"\n<p> A ministra da Mulher, Fam\u00edlia e Direitos Humanos, Damares Alves, comentou em suas redes sociais na noite de ter\u00e7a-feira (4) a transmiss\u00e3o ao vivo feita pelo jornalista Guga Noblat e pelo ex-governador do Cear\u00e1, Ciro Gomes, com ofensas contra ela. Na publica\u00e7\u00e3o, Damares repudiou os ataques e declarou que vai processar Ciro por cham\u00e1-la de \u201cbandida\u201d. <\/p>\n\n\n\n<p> \u2013 O jornalista (Guga Noblat) brinca com a triste hist\u00f3ria que envolve o estupro e a tentativa de suic\u00eddio de uma menina. E ele sabe o quanto isto ainda me causa dor e sofrimento. O outro, um pol\u00edtico desequilibrado que sonhou em ser presidente Brasil, ataca minha honra ( e n\u00e3o \u00e9 a primeira vez). Ah! avisem a\u00ed ao mis\u00f3gino do nordeste que a gente se v\u00ea nas audi\u00eancias nos tribunais \u2013 escreveu. <\/p>\n\n\n\n<p>Em sua postagem, Damares chamou Noblat e Ciro de \u201cdesprez\u00edveis\u201d e tamb\u00e9m agradeceu a publica\u00e7\u00e3o feita pela deputada federal Carla Zambelli (PSL-SP), em que a parlamentar rebateu os ataques contra a ministra e criticou duramente os dois autores das ofensas.<\/p>\n\n\n\n<p>\u2013 Me emocionei com a forma como minha querida amiga Carla Zambelli me defendeu. Mas n\u00e3o esperava nada diferente dela, quem conhece Carla Zambelli sabe que ela \u00e9 exatamente assim: leal e fiel aos amigos. Ela sofre junto quando os amigos s\u00e3o atacados \u2013 declarou.<\/p>\n\n\n\n<p>A declara\u00e7\u00e3o feita pelo ex-governador do Cear\u00e1 ocorreu durante uma entrevista ao jornalista Guga Noblat em julho. Na live, Guga questionou Ciro Gomes se ele \u201csubiria na goiabeira\u201d com Damares, em refer\u00eancia ao epis\u00f3dio em que a ministra falou sobre os abusos que sofreu na inf\u00e2ncia. Ciro ent\u00e3o respondeu que a ministra Damares Alves seria uma \u201cbandida\u201d.<\/p>\n\n\n\n<p>Fonte: pleno.news<\/p>\n","protected":false},"excerpt":{"rendered":"<p>A ministra da Mulher, Fam\u00edlia e Direitos Humanos, Damares Alves, comentou em suas redes sociais na noite de ter\u00e7a-feira (4) a transmiss\u00e3o ao vivo feita pelo jornalista Guga Noblat e pelo ex-governador do Cear\u00e1, Ciro Gomes, com ofensas contra ela. Na publica\u00e7\u00e3o, Damares repudiou os ataques e declarou que vai processar Ciro por cham\u00e1-la de [&hellip;]<\/p>\n","protected":false},"author":2,"featured_media":6335,"comment_status":"open","ping_status":"open","sticky":false,"template":"","format":"standard","meta":[],"categories":[4],"tags":[13,14],"_links":{"self":[{"href":"https:\/\/dgospel.com.br\/portal\/index.php\/wp-json\/wp\/v2\/posts\/6334"}],"collection":[{"href":"https:\/\/dgospel.com.br\/portal\/index.php\/wp-json\/wp\/v2\/posts"}],"about":[{"href":"https:\/\/dgospel.com.br\/portal\/index.php\/wp-json\/wp\/v2\/types\/post"}],"author":[{"embeddable":true,"href":"https:\/\/dgospel.com.br\/portal\/index.php\/wp-json\/wp\/v2\/users\/2"}],"replies":[{"embeddable":true,"href":"https:\/\/dgospel.com.br\/portal\/index.php\/wp-json\/wp\/v2\/comments?post=6334"}],"version-history":[{"count":1,"href":"https:\/\/dgospel.com.br\/portal\/index.php\/wp-json\/wp\/v2\/posts\/6334\/revisions"}],"predecessor-version":[{"id":6336,"href":"https:\/\/dgospel.com.br\/portal\/index.php\/wp-json\/wp\/v2\/posts\/6334\/revisions\/6336"}],"wp:featuredmedia":[{"embeddable":true,"href":"https:\/\/dgospel.com.br\/portal\/index.php\/wp-json\/wp\/v2\/media\/6335"}],"wp:attachment":[{"href":"https:\/\/dgospel.com.br\/portal\/index.php\/wp-json\/wp\/v2\/media?parent=6334"}],"wp:term":[{"taxonomy":"category","embeddable":true,"href":"https:\/\/dgospel.com.br\/portal\/index.php\/wp-json\/wp\/v2\/categories?post=6334"},{"taxonomy":"post_tag","embeddable":true,"href":"https:\/\/dgospel.com.br\/portal\/index.php\/wp-json\/wp\/v2\/tags?post=6334"}],"curies":[{"name":"wp","href":"https:\/\/api.w.org\/{rel}","templated":true}]}}