{"id":6340,"date":"2020-08-05T23:01:47","date_gmt":"2020-08-06T02:01:47","guid":{"rendered":"http:\/\/dgospel.com.br\/portal\/?p=6340"},"modified":"2020-08-05T23:01:48","modified_gmt":"2020-08-06T02:01:48","slug":"convencao-ciadseta-realizara-assembleia-geral-ordinaria-na-modalidade-online","status":"publish","type":"post","link":"https:\/\/dgospel.com.br\/portal\/index.php\/2020\/08\/05\/convencao-ciadseta-realizara-assembleia-geral-ordinaria-na-modalidade-online\/","title":{"rendered":"Conven\u00e7\u00e3o Ciadseta realizar\u00e1 Assembleia Geral Ordin\u00e1ria na modalidade online"},"content":{"rendered":"\n<p>A Conven\u00e7\u00e3o Interestadual dos Ministros e Igrejas\nAssembleias de Deus do Seta (CIADSETA), realizar\u00e1 a 79\u00b0 Assembleia Geral\nOrdin\u00e1ria (AGO) na modalidade online. O evento ocorrer\u00e1 nos dias 13 a 16 de\nagosto, na cidade de Aragua\u00edna Tocantins.<\/p>\n\n\n\n<p>Com o tema: \u201cMinist\u00e9rio, Trabalho e Luta\u201d, baseado na\nprimeira acarta a Tim\u00f3teo 4:10, que diz, \u201cSe trabalhamos e lutamos \u00e9 porque\ntemos colocado a nossa esperan\u00e7a no Deus vivo, o Salvador de todos os homens,\nespecialmente dos que creem\u201d, a AGO ter\u00e1 como ministrantes, o Pr. Jos\u00e9 Welingon\nda Costa Junior, Pr. Jos\u00e9 Orisvaldo, Pr. Carvalho Junior, &nbsp;e Pr. Josu\u00e9 Brand\u00e3o <\/p>\n\n\n\n<p>A Conven\u00e7\u00e3o CIADSETA que atualmente \u00e9 presidida pelo pastor\nPaulo Martins Neto, vai realizar a 79\u00aa AGO na modalidade online devido ao\nmomento que estamos vivendo por causa da Pandemia do coronavirus, respeitando\nassim, as orienta\u00e7\u00f5es da OMS (Organiza\u00e7\u00e3o Mundial da Sa\u00fade), onde estar\u00e1\npresente a mesa diret\u00f3ria e convidados especiais e ser\u00e1 transmitida pela\nplataforma zoom.&nbsp; <\/p>\n\n\n\n<p>\u201cSer\u00e1 uma modalidade diferente, n\u00f3s estamos vivendo uma nova\nrealidade e dentro dessa realidade estamos j\u00e1 trabalhando com uma equipe que\nest\u00e1 se esfor\u00e7ando para oferecer o melhor para todos os nossos convencionais.\nEsse ser\u00e1 um evento que ficar\u00e1 na nossa hist\u00f3ria, temos muitas coisas a\nadaptar, muitas coisas a aprender, mas certamente isso n\u00e3o tirar\u00e1 o brilho\ndessa conven\u00e7\u00e3o, pois certamente o Espirito Santo nos orientar\u00e1\u201d, diz o pastor\nPaulo Martins Neto \u2013 Presidente da conven\u00e7\u00e3o da CIADSETA.&nbsp;&nbsp;&nbsp;&nbsp; <\/p>\n","protected":false},"excerpt":{"rendered":"<p>A Conven\u00e7\u00e3o Interestadual dos Ministros e Igrejas Assembleias de Deus do Seta (CIADSETA), realizar\u00e1 a 79\u00b0 Assembleia Geral Ordin\u00e1ria (AGO) na modalidade online. O evento ocorrer\u00e1 nos dias 13 a 16 de agosto, na cidade de Aragua\u00edna Tocantins. Com o tema: \u201cMinist\u00e9rio, Trabalho e Luta\u201d, baseado na primeira acarta a Tim\u00f3teo 4:10, que diz, \u201cSe [&hellip;]<\/p>\n","protected":false},"author":2,"featured_media":6341,"comment_status":"open","ping_status":"open","sticky":false,"template":"","format":"standard","meta":[],"categories":[3,5],"tags":[13],"_links":{"self":[{"href":"https:\/\/dgospel.com.br\/portal\/index.php\/wp-json\/wp\/v2\/posts\/6340"}],"collection":[{"href":"https:\/\/dgospel.com.br\/portal\/index.php\/wp-json\/wp\/v2\/posts"}],"about":[{"href":"https:\/\/dgospel.com.br\/portal\/index.php\/wp-json\/wp\/v2\/types\/post"}],"author":[{"embeddable":true,"href":"https:\/\/dgospel.com.br\/portal\/index.php\/wp-json\/wp\/v2\/users\/2"}],"replies":[{"embeddable":true,"href":"https:\/\/dgospel.com.br\/portal\/index.php\/wp-json\/wp\/v2\/comments?post=6340"}],"version-history":[{"count":1,"href":"https:\/\/dgospel.com.br\/portal\/index.php\/wp-json\/wp\/v2\/posts\/6340\/revisions"}],"predecessor-version":[{"id":6342,"href":"https:\/\/dgospel.com.br\/portal\/index.php\/wp-json\/wp\/v2\/posts\/6340\/revisions\/6342"}],"wp:featuredmedia":[{"embeddable":true,"href":"https:\/\/dgospel.com.br\/portal\/index.php\/wp-json\/wp\/v2\/media\/6341"}],"wp:attachment":[{"href":"https:\/\/dgospel.com.br\/portal\/index.php\/wp-json\/wp\/v2\/media?parent=6340"}],"wp:term":[{"taxonomy":"category","embeddable":true,"href":"https:\/\/dgospel.com.br\/portal\/index.php\/wp-json\/wp\/v2\/categories?post=6340"},{"taxonomy":"post_tag","embeddable":true,"href":"https:\/\/dgospel.com.br\/portal\/index.php\/wp-json\/wp\/v2\/tags?post=6340"}],"curies":[{"name":"wp","href":"https:\/\/api.w.org\/{rel}","templated":true}]}}