{"id":6359,"date":"2020-08-12T09:21:12","date_gmt":"2020-08-12T12:21:12","guid":{"rendered":"http:\/\/dgospel.com.br\/portal\/?p=6359"},"modified":"2020-08-12T09:21:14","modified_gmt":"2020-08-12T12:21:14","slug":"pazuello-destaca-autonomia-dos-municipios-no-combate-ao-coronavirus","status":"publish","type":"post","link":"https:\/\/dgospel.com.br\/portal\/index.php\/2020\/08\/12\/pazuello-destaca-autonomia-dos-municipios-no-combate-ao-coronavirus\/","title":{"rendered":"Pazuello destaca autonomia dos munic\u00edpios no combate ao coronav\u00edrus"},"content":{"rendered":"\n<p>Come\u00e7ou a funcionar nesta segunda-feira (10) a Unidade de Apoio ao Diagn\u00f3stico da Covid-19, na sede da <a href=\"https:\/\/portal.fiocruz.br\/\">Funda\u00e7\u00e3o Oswaldo Cruz (Fiocruz)<\/a>, na zona norte do Rio de Janeiro. A unidade vai atuar aumentando a capacidade do Brasil em processar testes moleculares para detec\u00e7\u00e3o da covid-19 por meio do uso de plataformas automatizadas. Com a tecnologia, ser\u00e1 poss\u00edvel emitir o resultado de at\u00e9 15 mil testes moleculares por dia.&nbsp;<\/p>\n\n\n\n<p>O ministro interino da Sa\u00fade, Eduardo Pazuello, esteve presente na inaugura\u00e7\u00e3o. Ele disse que o Brasil est\u00e1 realizando um esfor\u00e7o de guerra contra o novo coronav\u00edrus. Pazuello tamb\u00e9m destacou que estados e munic\u00edpios t\u00eam autonomia para definir medidas de isolamento social.<\/p>\n\n\n\n<p>&#8220;Medidas preventivas e afastamento social s\u00e3o medidas de gest\u00e3o dos munic\u00edpios e dos estados. E n\u00f3s apoiamos todas elas, porque quem sabe o que \u00e9 necess\u00e1rio naquele momento precisa de apoio. E n\u00f3s apoiamos. Mas, fica a lembran\u00e7a, independentemente da medida que se tome, tem que estar aliada \u00e0 capacidade de triar e procurar se as pessoas est\u00e3o ou n\u00e3o com sintomas\u201d, destacou.<\/p>\n\n\n\n<p>No evento, o ministro tamb\u00e9m voltou a defender o tratamento precoce do novo coronav\u00edrus.<\/p>\n\n\n\n<p> \n\nFonte: <a href=\"https:\/\/brasil61.com\/noticias\/pazuello-destaca-autonomia-dos-municipios-no-combate-ao-coronavirus-bras201277?email=dgospel1@gmail.com&amp;utm_source=newsletter&amp;utm_medium=newsletter&amp;utm_campaign=newsletter\" target=\"_blank\" rel=\"noreferrer noopener\">Brasil 61<\/a><\/p>\n","protected":false},"excerpt":{"rendered":"<p>Come\u00e7ou a funcionar nesta segunda-feira (10) a Unidade de Apoio ao Diagn\u00f3stico da Covid-19, na sede da Funda\u00e7\u00e3o Oswaldo Cruz (Fiocruz), na zona norte do Rio de Janeiro. A unidade vai atuar aumentando a capacidade do Brasil em processar testes moleculares para detec\u00e7\u00e3o da covid-19 por meio do uso de plataformas automatizadas. Com a tecnologia, [&hellip;]<\/p>\n","protected":false},"author":2,"featured_media":6360,"comment_status":"open","ping_status":"open","sticky":false,"template":"","format":"standard","meta":[],"categories":[6],"tags":[13],"_links":{"self":[{"href":"https:\/\/dgospel.com.br\/portal\/index.php\/wp-json\/wp\/v2\/posts\/6359"}],"collection":[{"href":"https:\/\/dgospel.com.br\/portal\/index.php\/wp-json\/wp\/v2\/posts"}],"about":[{"href":"https:\/\/dgospel.com.br\/portal\/index.php\/wp-json\/wp\/v2\/types\/post"}],"author":[{"embeddable":true,"href":"https:\/\/dgospel.com.br\/portal\/index.php\/wp-json\/wp\/v2\/users\/2"}],"replies":[{"embeddable":true,"href":"https:\/\/dgospel.com.br\/portal\/index.php\/wp-json\/wp\/v2\/comments?post=6359"}],"version-history":[{"count":1,"href":"https:\/\/dgospel.com.br\/portal\/index.php\/wp-json\/wp\/v2\/posts\/6359\/revisions"}],"predecessor-version":[{"id":6361,"href":"https:\/\/dgospel.com.br\/portal\/index.php\/wp-json\/wp\/v2\/posts\/6359\/revisions\/6361"}],"wp:featuredmedia":[{"embeddable":true,"href":"https:\/\/dgospel.com.br\/portal\/index.php\/wp-json\/wp\/v2\/media\/6360"}],"wp:attachment":[{"href":"https:\/\/dgospel.com.br\/portal\/index.php\/wp-json\/wp\/v2\/media?parent=6359"}],"wp:term":[{"taxonomy":"category","embeddable":true,"href":"https:\/\/dgospel.com.br\/portal\/index.php\/wp-json\/wp\/v2\/categories?post=6359"},{"taxonomy":"post_tag","embeddable":true,"href":"https:\/\/dgospel.com.br\/portal\/index.php\/wp-json\/wp\/v2\/tags?post=6359"}],"curies":[{"name":"wp","href":"https:\/\/api.w.org\/{rel}","templated":true}]}}