{"id":6365,"date":"2020-08-12T12:16:23","date_gmt":"2020-08-12T15:16:23","guid":{"rendered":"http:\/\/dgospel.com.br\/portal\/?p=6365"},"modified":"2020-08-12T12:29:24","modified_gmt":"2020-08-12T15:29:24","slug":"ministro-do-tse-defende-punicao-para-quem-se-aproveita-da-religiao-para-influenciar-votos-de-fieis","status":"publish","type":"post","link":"https:\/\/dgospel.com.br\/portal\/index.php\/2020\/08\/12\/ministro-do-tse-defende-punicao-para-quem-se-aproveita-da-religiao-para-influenciar-votos-de-fieis\/","title":{"rendered":"Ministro do TSE defende puni\u00e7\u00e3o para quem se aproveita da religi\u00e3o para influenciar votos de fi\u00e9is"},"content":{"rendered":"\n<p>O ministro Edson Fachin, do TSE\n(Tribunal Superior Eleitoral), defendeu nesta segunda-feira (10) enquadrar em\nabuso de autoridade aqueles candidatos que tiram proveito da religi\u00e3o para\ninfluenciar votos de fi\u00e9is.<\/p>\n\n\n\n<p>Est\u00e1 previsto para quinta-feira (13)\na retomada do julgamento em que o TSE vai decidir se \u00e9\nposs\u00edvel&nbsp;caracterizar o&nbsp;<strong><a href=\"https:\/\/folhagospel.com\/justica-eleitoral-discute-punir-abuso-de-poder-religioso-bancada-evangelica-reage\/\" target=\"_blank\" rel=\"noreferrer noopener\">abuso de poder religioso&nbsp;nas elei\u00e7\u00f5es<\/a><\/strong>.<\/p>\n\n\n\n<p>\u201c\u00c9 poss\u00edvel entender que o sentido da\nlegitimidade eleitoral \u00e9 violado quando uma autoridade religiosa realiza uma\nesp\u00e9cie de extors\u00e3o do consentimento, fazendo com que haja um direcionamento\nabusivo para uma determinada candidatura? \u00c9 poss\u00edvel reconhecer o abuso de\nautoridade\u201d, disse.<\/p>\n\n\n\n<p>Para o ministro, \u201cembora raro e\nexcepcional\u201d, o enquadramento de determinadas situa\u00e7\u00f5es em abuso de autoridade\nreligiosa deve ocorrer porque a pr\u00e1tica desequilibra a igualdade e as condi\u00e7\u00f5es\nde disputa no processo eleitoral.<\/p>\n\n\n\n<p>\u201cDeixa-se de promover o di\u00e1logo sobre\nplataformas, ideais ou programas\u201d, frisou.<\/p>\n\n\n\n<p>Fachin fez essas declara\u00e7\u00f5es em uma\nlive promovida pela C\u00e2mara de Com\u00e9rcio Fran\u00e7a-Brasil, quando respondeu\nperguntas feitas por associados da entidade.<\/p>\n\n\n\n<p>A proposta em discuss\u00e3o no TSE prev\u00ea\npuni\u00e7\u00e3o que pode resultar em cassa\u00e7\u00e3o de mandato.<\/p>\n\n\n\n<p>A&nbsp;ideia enfrenta\nresist\u00eancia&nbsp;dentro do pr\u00f3prio tribunal e contribuiu para criar desgaste na\nrela\u00e7\u00e3o com o Congresso Nacional \u00e0s v\u00e9speras das elei\u00e7\u00f5es municipais.<\/p>\n\n\n\n<p>Na semana passada, Fachin conversou,\npor videoconfer\u00eancia, com l\u00edderes da bancada evang\u00e9lica e representantes da\nAssocia\u00e7\u00e3o Nacional de Juristas Evang\u00e9licos.<\/p>\n\n\n\n<p>O magistrado ouviu as pondera\u00e7\u00f5es e\npouco falou durante o encontro, mas deputados e advogados presentes fizeram\nduras cr\u00edtica ao voto do ministro.<\/p>\n\n\n\n<p>Segundo eles, a iniciativa viola\npactos internacionais de direitos humanos por desrespeitar a liberdade\nreligiosa e caracteriza ativismo judicial por n\u00e3o haver uma lei que preveja o\nabuso de poder religioso.<\/p>\n\n\n\n<p>O voto de Fachin foi apresentado em\n25 de junho, e o julgamento foi interrompido ap\u00f3s pedido de vista do ministro\nTarc\u00edsio Vieira de Carvalho.<\/p>\n\n\n\n<p>Mesmo ap\u00f3s Carvalho ter solicitado\nmais tempo para analisar o caso, o ministro Alexandre de Moraes pediu para\nantecipar seu voto e divergiu do relator.<\/p>\n\n\n\n<p>Na live desta segunda, Fachin\nrespondeu a quest\u00f5es sobre a judicializa\u00e7\u00e3o da pol\u00edtica e outros temas que\npodem afetar a previsibilidade e seguran\u00e7a jur\u00eddica, fundamentais para que se\ntenha um favor\u00e1vel ambiente de neg\u00f3cios, principalmente em tempos de pandemia.<\/p>\n\n\n\n<p>O ministro disse que o STF (Supremo\nTribunal Federal), muitas vezes acusado de interferir nos demais Poderes da\nRep\u00fablica, tem procurado encontrar um equil\u00edbrio entre \u201ccontrole e defer\u00eancia\u201d.<\/p>\n\n\n\n<p>\u201c\u00c9 preciso ter um acr\u00e9scimo de\ndefer\u00eancia que os Poderes devem dar um ao outro\u201d, reconheceu, mas ele disse que\n\u201ca autoconten\u00e7\u00e3o est\u00e1 mais presente que a percep\u00e7\u00e3o que se tem.\u201d<\/p>\n\n\n\n<p>O ministro foi questionado tamb\u00e9m\nsobre as decis\u00f5es monocr\u00e1ticas em tribunais e afirmou que o tema lhe causa\ndesassossego.<\/p>\n\n\n\n<p>Disse que n\u00e3o v\u00ea irregularidade no\nfato de ministros decidirem sozinhos, mas afirma que \u00e9 preciso plausibilidade e\nque se respeite minimamente a compreens\u00e3o que o tribunal ou mesmo o colegiado\nrespons\u00e1vel pelo julgamento tem sobre o assunto sob an\u00e1lise.<\/p>\n\n\n\n<p>\u201cVejo que h\u00e1 disfun\u00e7\u00e3o quando a\ndecis\u00e3o n\u00e3o \u00e9 submetida imediatamente ao colegiado\u201d, afirmou Fachin.<\/p>\n\n\n\n<p><strong>Fonte: Folha de S. Paulo<\/strong><\/p>\n","protected":false},"excerpt":{"rendered":"<p>O ministro Edson Fachin, do TSE (Tribunal Superior Eleitoral), defendeu nesta segunda-feira (10) enquadrar em abuso de autoridade aqueles candidatos que tiram proveito da religi\u00e3o para influenciar votos de fi\u00e9is. Est\u00e1 previsto para quinta-feira (13) a retomada do julgamento em que o TSE vai decidir se \u00e9 poss\u00edvel&nbsp;caracterizar o&nbsp;abuso de poder religioso&nbsp;nas elei\u00e7\u00f5es. \u201c\u00c9 poss\u00edvel [&hellip;]<\/p>\n","protected":false},"author":2,"featured_media":6368,"comment_status":"open","ping_status":"open","sticky":false,"template":"","format":"standard","meta":[],"categories":[4],"tags":[13,14],"_links":{"self":[{"href":"https:\/\/dgospel.com.br\/portal\/index.php\/wp-json\/wp\/v2\/posts\/6365"}],"collection":[{"href":"https:\/\/dgospel.com.br\/portal\/index.php\/wp-json\/wp\/v2\/posts"}],"about":[{"href":"https:\/\/dgospel.com.br\/portal\/index.php\/wp-json\/wp\/v2\/types\/post"}],"author":[{"embeddable":true,"href":"https:\/\/dgospel.com.br\/portal\/index.php\/wp-json\/wp\/v2\/users\/2"}],"replies":[{"embeddable":true,"href":"https:\/\/dgospel.com.br\/portal\/index.php\/wp-json\/wp\/v2\/comments?post=6365"}],"version-history":[{"count":1,"href":"https:\/\/dgospel.com.br\/portal\/index.php\/wp-json\/wp\/v2\/posts\/6365\/revisions"}],"predecessor-version":[{"id":6367,"href":"https:\/\/dgospel.com.br\/portal\/index.php\/wp-json\/wp\/v2\/posts\/6365\/revisions\/6367"}],"wp:featuredmedia":[{"embeddable":true,"href":"https:\/\/dgospel.com.br\/portal\/index.php\/wp-json\/wp\/v2\/media\/6368"}],"wp:attachment":[{"href":"https:\/\/dgospel.com.br\/portal\/index.php\/wp-json\/wp\/v2\/media?parent=6365"}],"wp:term":[{"taxonomy":"category","embeddable":true,"href":"https:\/\/dgospel.com.br\/portal\/index.php\/wp-json\/wp\/v2\/categories?post=6365"},{"taxonomy":"post_tag","embeddable":true,"href":"https:\/\/dgospel.com.br\/portal\/index.php\/wp-json\/wp\/v2\/tags?post=6365"}],"curies":[{"name":"wp","href":"https:\/\/api.w.org\/{rel}","templated":true}]}}