{"id":6369,"date":"2020-08-13T10:15:26","date_gmt":"2020-08-13T13:15:26","guid":{"rendered":"http:\/\/dgospel.com.br\/portal\/?p=6369"},"modified":"2020-08-13T10:15:28","modified_gmt":"2020-08-13T13:15:28","slug":"com-25-milhoes-de-recuperados-do-coronavirus-brasil-se-mantem-na-lideranca-desse-ranking","status":"publish","type":"post","link":"https:\/\/dgospel.com.br\/portal\/index.php\/2020\/08\/13\/com-25-milhoes-de-recuperados-do-coronavirus-brasil-se-mantem-na-lideranca-desse-ranking\/","title":{"rendered":"Com 2,5 milh\u00f5es de recuperados do coronav\u00edrus, Brasil se mant\u00e9m na lideran\u00e7a desse ranking"},"content":{"rendered":"\n<p>A Universidade Johns Hopkins atualizou seus dados sobre o mapeamento da&nbsp;<strong><a href=\"https:\/\/guiame.com.br\/gospel\/mundo-cristao\/max-lucado-diz-que-deus-esta-falando-com-o-mundo-em-meio-pandemia-de-coronavirus.html\">pandemia<\/a><\/strong>&nbsp;em todo o mundo, mostrando que o n\u00famero de&nbsp;<strong><a href=\"https:\/\/guiame.com.br\/gospel\/noticias\/cheia-de-fe-idosa-de-101-anos-e-curada-da-covid-19-agradeco-deus-por-estar-viva.html\">recuperados da Covid-19<\/a><\/strong>&nbsp;subiu para 2,5 milh\u00f5es no Brasil e o pa\u00eds segue em primeiro nessa \u00e1rea.<\/p>\n\n\n\n<p>O n\u00famero de recuperados j\u00e1 \u00e9 mais que o triplo do n\u00famero de casos em acompanhamento &#8211; 751.107, segundo o site do Minist\u00e9rio da Sa\u00fade &#8211; e est\u00e1 se aproximando cada vez mais do n\u00famero de casos acumulados no pa\u00eds, que \u00e9 de 3.164.785.<\/p>\n\n\n\n<p>A regi\u00e3o brasileira com maior n\u00famero de casos acumulados \u00e9 a sudeste, com o registro de 1.097.029 e 46.752 mortes. Mais da metade desses n\u00fameros se concentram apenas no estado de S\u00e3o Paulo.<\/p>\n\n\n\n<p>A regi\u00e3o Nordeste \u00e9 a segunda colocada nessa categoria, com 983.632 casos acumulados, estando a maior concentra\u00e7\u00e3o em Pernambuco.<\/p>\n\n\n\n<p>Os menores n\u00fameros est\u00e3o na regi\u00e3o Sul, com 300.235 casos acumulados e 6.693, estando a maior concentra\u00e7\u00e3o de casos de infec\u00e7\u00e3o em Santa Catarina (112.401) e maior n\u00famero de mortes no Rio Grande do Sul (2.540).<\/p>\n\n\n\n<p><strong>Relaxamento<\/strong><\/p>\n\n\n\n<p>Cidades como Blumenau (SC), Manaus (AM) e as da Baixada Santista (SP), est\u00e3o optando pelo relaxamento das medidas contra o coronav\u00edrus.<\/p>\n\n\n\n<p>No caso de Blumenau, o munic\u00edpio levou em considera\u00e7\u00e3o que regi\u00e3o saiu de risco grav\u00edssimo para grave em classifica\u00e7\u00e3o do governo do estado. Novas regras passam a valer a partir de segunda (17).<\/p>\n\n\n\n<p>\n\nFONTE: GUIAME, COM INFORMA\u00c7\u00d5ES DA UNIVERSIDADE JOHNS HOPKINS \/ MINIST\u00c9RIO DA SA\u00daDE\n\n<\/p>\n","protected":false},"excerpt":{"rendered":"<p>A Universidade Johns Hopkins atualizou seus dados sobre o mapeamento da&nbsp;pandemia&nbsp;em todo o mundo, mostrando que o n\u00famero de&nbsp;recuperados da Covid-19&nbsp;subiu para 2,5 milh\u00f5es no Brasil e o pa\u00eds segue em primeiro nessa \u00e1rea. O n\u00famero de recuperados j\u00e1 \u00e9 mais que o triplo do n\u00famero de casos em acompanhamento &#8211; 751.107, segundo o site [&hellip;]<\/p>\n","protected":false},"author":2,"featured_media":6370,"comment_status":"open","ping_status":"open","sticky":false,"template":"","format":"standard","meta":[],"categories":[4],"tags":[13,14],"_links":{"self":[{"href":"https:\/\/dgospel.com.br\/portal\/index.php\/wp-json\/wp\/v2\/posts\/6369"}],"collection":[{"href":"https:\/\/dgospel.com.br\/portal\/index.php\/wp-json\/wp\/v2\/posts"}],"about":[{"href":"https:\/\/dgospel.com.br\/portal\/index.php\/wp-json\/wp\/v2\/types\/post"}],"author":[{"embeddable":true,"href":"https:\/\/dgospel.com.br\/portal\/index.php\/wp-json\/wp\/v2\/users\/2"}],"replies":[{"embeddable":true,"href":"https:\/\/dgospel.com.br\/portal\/index.php\/wp-json\/wp\/v2\/comments?post=6369"}],"version-history":[{"count":1,"href":"https:\/\/dgospel.com.br\/portal\/index.php\/wp-json\/wp\/v2\/posts\/6369\/revisions"}],"predecessor-version":[{"id":6371,"href":"https:\/\/dgospel.com.br\/portal\/index.php\/wp-json\/wp\/v2\/posts\/6369\/revisions\/6371"}],"wp:featuredmedia":[{"embeddable":true,"href":"https:\/\/dgospel.com.br\/portal\/index.php\/wp-json\/wp\/v2\/media\/6370"}],"wp:attachment":[{"href":"https:\/\/dgospel.com.br\/portal\/index.php\/wp-json\/wp\/v2\/media?parent=6369"}],"wp:term":[{"taxonomy":"category","embeddable":true,"href":"https:\/\/dgospel.com.br\/portal\/index.php\/wp-json\/wp\/v2\/categories?post=6369"},{"taxonomy":"post_tag","embeddable":true,"href":"https:\/\/dgospel.com.br\/portal\/index.php\/wp-json\/wp\/v2\/tags?post=6369"}],"curies":[{"name":"wp","href":"https:\/\/api.w.org\/{rel}","templated":true}]}}