{"id":637,"date":"2018-06-27T12:32:02","date_gmt":"2018-06-27T15:32:02","guid":{"rendered":"http:\/\/dgospel.com.br\/portal\/?p=637"},"modified":"2018-06-27T12:32:02","modified_gmt":"2018-06-27T15:32:02","slug":"wanderlei-barbosa-agradece-vitoria-com-expressiva-votacao-e-ressalta-realizacoes-para-o-tocantins","status":"publish","type":"post","link":"https:\/\/dgospel.com.br\/portal\/index.php\/2018\/06\/27\/wanderlei-barbosa-agradece-vitoria-com-expressiva-votacao-e-ressalta-realizacoes-para-o-tocantins\/","title":{"rendered":"Wanderlei Barbosa agradece vit\u00f3ria com expressiva vota\u00e7\u00e3o e ressalta realiza\u00e7\u00f5es para o Tocantins"},"content":{"rendered":"<p>Na tarde desta ter\u00e7a-feira, 26, o deputado estadual Wanderlei Barbosa (PHS), eleito vice-governador no \u00faltimo domingo, 24, na chapa de Mauro Carlesse (PHS) para o mandato-tamp\u00e3o, usou a tribuna da Assembleia Legislativa para agradecer a confian\u00e7a e os votos dos eleitores, lideran\u00e7as e milit\u00e2ncia que acreditaram no projeto do governador eleito Mauro Carlesse.<\/p>\n<p>O parlamentar agradeceu aos eleitores a compreens\u00e3o da import\u00e2ncia da estabilidade para o estado, e voltou a falar das dificuldades que o Tocantins se encontra.<\/p>\n<p>Wanderlei ressaltou que o governo de Carlesse n\u00e3o \u00e9 um governo de\u00a0<em>persegui\u00e7\u00e3o pol\u00edtica<\/em>, e que juntamente com ele vai trabalhar para continuar fazendo um governo diferente.\u00a0<em>Recebemos o estado com muitos problemas, com muitas d\u00edvidas, mas vamos trabalhar para resolv\u00ea-los<\/em>, afirmou.<\/p>\n<p>Falou que de maneira gradativa o estado vai melhorando e as expectativas da popula\u00e7\u00e3o em rala\u00e7\u00e3o ao governo est\u00e3o sendo alcan\u00e7adas.\u00a0<em>O povo tocantinense entendeu que Carlesse quer realizar. O governador Mauro Carlesse vai fazer um grande governo<\/em>, destacou.<\/p>\n<p>Barbosa acredita que o governador em menos de seis meses vai fazer um governo de respeito \u00e0s institui\u00e7\u00f5es e principalmente ao povo do Tocantins.\u00a0<em>Mais uma vez quero agradecer aos tocantinenses que compreenderam a vontade de fazer de Mauro Carlesse, homem de poucas palavras mais de muita realiza\u00e7\u00e3o<\/em>, finalizou.<\/p>\n","protected":false},"excerpt":{"rendered":"<p>Na tarde desta ter\u00e7a-feira, 26, o deputado estadual Wanderlei Barbosa (PHS), eleito vice-governador no \u00faltimo domingo, 24, na chapa de Mauro Carlesse (PHS) para o mandato-tamp\u00e3o, usou a tribuna da Assembleia Legislativa para agradecer a confian\u00e7a e os votos dos eleitores, lideran\u00e7as e milit\u00e2ncia que acreditaram no projeto do governador eleito Mauro Carlesse. O parlamentar [&hellip;]<\/p>\n","protected":false},"author":2,"featured_media":638,"comment_status":"open","ping_status":"open","sticky":false,"template":"","format":"standard","meta":[],"categories":[2,4],"tags":[],"_links":{"self":[{"href":"https:\/\/dgospel.com.br\/portal\/index.php\/wp-json\/wp\/v2\/posts\/637"}],"collection":[{"href":"https:\/\/dgospel.com.br\/portal\/index.php\/wp-json\/wp\/v2\/posts"}],"about":[{"href":"https:\/\/dgospel.com.br\/portal\/index.php\/wp-json\/wp\/v2\/types\/post"}],"author":[{"embeddable":true,"href":"https:\/\/dgospel.com.br\/portal\/index.php\/wp-json\/wp\/v2\/users\/2"}],"replies":[{"embeddable":true,"href":"https:\/\/dgospel.com.br\/portal\/index.php\/wp-json\/wp\/v2\/comments?post=637"}],"version-history":[{"count":1,"href":"https:\/\/dgospel.com.br\/portal\/index.php\/wp-json\/wp\/v2\/posts\/637\/revisions"}],"predecessor-version":[{"id":639,"href":"https:\/\/dgospel.com.br\/portal\/index.php\/wp-json\/wp\/v2\/posts\/637\/revisions\/639"}],"wp:featuredmedia":[{"embeddable":true,"href":"https:\/\/dgospel.com.br\/portal\/index.php\/wp-json\/wp\/v2\/media\/638"}],"wp:attachment":[{"href":"https:\/\/dgospel.com.br\/portal\/index.php\/wp-json\/wp\/v2\/media?parent=637"}],"wp:term":[{"taxonomy":"category","embeddable":true,"href":"https:\/\/dgospel.com.br\/portal\/index.php\/wp-json\/wp\/v2\/categories?post=637"},{"taxonomy":"post_tag","embeddable":true,"href":"https:\/\/dgospel.com.br\/portal\/index.php\/wp-json\/wp\/v2\/tags?post=637"}],"curies":[{"name":"wp","href":"https:\/\/api.w.org\/{rel}","templated":true}]}}