{"id":6378,"date":"2020-08-13T10:44:21","date_gmt":"2020-08-13T13:44:21","guid":{"rendered":"http:\/\/dgospel.com.br\/portal\/?p=6378"},"modified":"2020-08-13T10:44:22","modified_gmt":"2020-08-13T13:44:22","slug":"governo-do-tocantins-apresenta-novo-beneficio-de-saude-aos-servidores-o-servir","status":"publish","type":"post","link":"https:\/\/dgospel.com.br\/portal\/index.php\/2020\/08\/13\/governo-do-tocantins-apresenta-novo-beneficio-de-saude-aos-servidores-o-servir\/","title":{"rendered":"Governo do Tocantins apresenta novo benef\u00edcio de sa\u00fade aos servidores, o Servir"},"content":{"rendered":"\n<p>O Governo do Estado do Tocantins, por meio da Secretaria de Estado da Administra\u00e7\u00e3o (Secad), realizou, na tarde desta quarta-feira, 12, uma entrevista coletiva on-line com o objetivo de apresentar as mudan\u00e7as no Plano de Assist\u00eancia \u00e0 Sa\u00fade dos Servidores P\u00fablicos do Estado do Tocantins (Plansa\u00fade), que passar\u00e1 a se chamar Servir. Foram apresentadas as propostas&nbsp;de moderniza\u00e7\u00e3o do benef\u00edcio com a nova operadora Omnisaude.<\/p>\n\n\n\n<p>O secret\u00e1rio de Estado da Administra\u00e7\u00e3o, Bruno Barreto, explanou acerca do quanto as mudan\u00e7as&nbsp;s\u00e3o&nbsp;necess\u00e1rias para entregar um servi\u00e7o de maior qualidade aos servidores. \u201cEssas mudan\u00e7as foram estudadas com&nbsp;transpar\u00eancia e muito cuidado por toda a equipe de t\u00e9cnicos&nbsp;e pretendemos&nbsp;elevar o benef\u00edcio de sa\u00fade dos servidores a um outro patamar de qualidade, atendendo recomenda\u00e7\u00e3o do governador Mauro Carlesse\u201d, ressaltou.<\/p>\n\n\n\n<p>De acordo com o secret\u00e1rio Executivo e diretor do Servir, Ineijaim Siqueira, o novo modelo de benef\u00edcio de sa\u00fade n\u00e3o acarretar\u00e1 aumento de contribui\u00e7\u00e3o para os servidores, reafirmando orienta\u00e7\u00e3o do governador Mauro Carlesse. \u201cSeguimos uma orienta\u00e7\u00e3o do governador Mauro Carlesse de n\u00e3o onerar os servidores e selecionamos no mercado uma empresa que atendesse todas as nossas demandas,&nbsp;garantindo&nbsp;que n\u00e3o haver\u00e1 nenhum custo al\u00e9m do que j\u00e1 \u00e9 pago pelo servidor&#8221;, garantiu.<\/p>\n\n\n\n<p><strong>Melhorias e Moderniza\u00e7\u00e3o<\/strong><\/p>\n\n\n\n<p>No que tange \u00e0s metas para a moderniza\u00e7\u00e3o do Servir, o Secret\u00e1rio Executivo destacou a amplia\u00e7\u00e3o dos canais de comunica\u00e7\u00e3o de forma direta dos usu\u00e1rios com os prestadores da rede credenciada, a unifica\u00e7\u00e3o e a atualiza\u00e7\u00e3o das tabelas e a amplia\u00e7\u00e3o dos pontos de atendimentos. \u201cEstamos ampliando os pontos de apoio de tr\u00eas para seis, al\u00e9m&nbsp;dos canais de comunica\u00e7\u00e3o que teremos dispon\u00edveis para estreitar a comunica\u00e7\u00e3o com os servidores via e-mail, WhatsApp e&nbsp;nova central que estar\u00e1 funcionando a partir de 00 horas desta quarta-feira, 12, por meio do n\u00famero 0800 592 3811. A outra forma de comunica\u00e7\u00e3o ser\u00e1 de modo f\u00edsico em um dos nossos pontos de apoio\u201d, ressaltou Ineijaim Siqueira.<\/p>\n\n\n\n<p>Al\u00e9m disso, fazem parte da moderniza\u00e7\u00e3o, a implanta\u00e7\u00e3o de ferramentas tecnol\u00f3gicas com uso de intelig\u00eancia&nbsp;artificial, o que facilitar\u00e1 o atendimento; bem como os recursos como a biometria, um sistema integrado de auditorias e o aplicativo para usu\u00e1rios, que s\u00e3o mais alguns dos benef\u00edcios do novo modelo.<\/p>\n\n\n\n<p>O Secret\u00e1rio Executivo destacou ainda que tudo ser\u00e1 feito sem acarretar preju\u00edzos para os servidores.&nbsp;\u201cA transi\u00e7\u00e3o foi muito bem pensada de modo que n\u00e3o ocorra interrup\u00e7\u00e3o de atendimento\u201d, antecipou.<\/p>\n\n\n\n<p><strong>Telemedicina<\/strong><\/p>\n\n\n\n<p>Entre as propostas de melhorias, o Servir contar\u00e1 com servi\u00e7o de telemedicina. De acordo com Ineijaim Siqueira, a base de tecnologia que vai subsidiar a execu\u00e7\u00e3o do projeto est\u00e1 pronta, em fase de testes, mas deve ser implementada em 60 dias. \u201cPor meio da nova ferramenta, o Servir vai alcan\u00e7ar locais que n\u00e3o possuem um atendimento de sa\u00fade.&nbsp;Para quem possui acesso ao celular, ser\u00e1 poss\u00edvel agendar uma consulta, a outra forma ser\u00e1 realizada de modo f\u00edsico em um dos nossos pontos de apoio\u201d, explicou.<\/p>\n\n\n\n<p>&#8220;O plano n\u00e3o mudou, mas foi totalmente transformado para entregarmos mais servi\u00e7os de qualidade, aliados com a tecnologia&nbsp;e assim, pretendemos elevar o n\u00edvel de atendimento ao servidor p\u00fablico do Estado\u201d, concluiu o Secret\u00e1rio Executivo.<\/p>\n\n\n\n<p>O analista de sistemas, Reginaldo Santos, que acompanhou o processo operacional do Servir, tamb\u00e9m participou da coletiva.<\/p>\n","protected":false},"excerpt":{"rendered":"<p>O Governo do Estado do Tocantins, por meio da Secretaria de Estado da Administra\u00e7\u00e3o (Secad), realizou, na tarde desta quarta-feira, 12, uma entrevista coletiva on-line com o objetivo de apresentar as mudan\u00e7as no Plano de Assist\u00eancia \u00e0 Sa\u00fade dos Servidores P\u00fablicos do Estado do Tocantins (Plansa\u00fade), que passar\u00e1 a se chamar Servir. Foram apresentadas as [&hellip;]<\/p>\n","protected":false},"author":2,"featured_media":6379,"comment_status":"open","ping_status":"open","sticky":false,"template":"","format":"standard","meta":[],"categories":[3],"tags":[],"_links":{"self":[{"href":"https:\/\/dgospel.com.br\/portal\/index.php\/wp-json\/wp\/v2\/posts\/6378"}],"collection":[{"href":"https:\/\/dgospel.com.br\/portal\/index.php\/wp-json\/wp\/v2\/posts"}],"about":[{"href":"https:\/\/dgospel.com.br\/portal\/index.php\/wp-json\/wp\/v2\/types\/post"}],"author":[{"embeddable":true,"href":"https:\/\/dgospel.com.br\/portal\/index.php\/wp-json\/wp\/v2\/users\/2"}],"replies":[{"embeddable":true,"href":"https:\/\/dgospel.com.br\/portal\/index.php\/wp-json\/wp\/v2\/comments?post=6378"}],"version-history":[{"count":1,"href":"https:\/\/dgospel.com.br\/portal\/index.php\/wp-json\/wp\/v2\/posts\/6378\/revisions"}],"predecessor-version":[{"id":6380,"href":"https:\/\/dgospel.com.br\/portal\/index.php\/wp-json\/wp\/v2\/posts\/6378\/revisions\/6380"}],"wp:featuredmedia":[{"embeddable":true,"href":"https:\/\/dgospel.com.br\/portal\/index.php\/wp-json\/wp\/v2\/media\/6379"}],"wp:attachment":[{"href":"https:\/\/dgospel.com.br\/portal\/index.php\/wp-json\/wp\/v2\/media?parent=6378"}],"wp:term":[{"taxonomy":"category","embeddable":true,"href":"https:\/\/dgospel.com.br\/portal\/index.php\/wp-json\/wp\/v2\/categories?post=6378"},{"taxonomy":"post_tag","embeddable":true,"href":"https:\/\/dgospel.com.br\/portal\/index.php\/wp-json\/wp\/v2\/tags?post=6378"}],"curies":[{"name":"wp","href":"https:\/\/api.w.org\/{rel}","templated":true}]}}