{"id":6395,"date":"2020-08-19T10:41:05","date_gmt":"2020-08-19T13:41:05","guid":{"rendered":"http:\/\/dgospel.com.br\/portal\/?p=6395"},"modified":"2020-08-19T10:41:20","modified_gmt":"2020-08-19T13:41:20","slug":"tse-rejeita-cassar-mandatos-por-abuso-de-poder-religioso","status":"publish","type":"post","link":"https:\/\/dgospel.com.br\/portal\/index.php\/2020\/08\/19\/tse-rejeita-cassar-mandatos-por-abuso-de-poder-religioso\/","title":{"rendered":"TSE rejeita cassar mandatos por \u2018abuso de poder religioso\u2019"},"content":{"rendered":"\n<ul><li><\/li><li><\/li><\/ul>\n\n\n\n<h2>Pleno.News &#8211;&nbsp;18\/08\/2020&nbsp;21h01 | atualizado em 18\/08\/2020 21h44<\/h2>\n\n\n\n<figure class=\"wp-block-image\"><img src=\"https:\/\/static.cdn.pleno.news\/2019\/12\/TSE-1024x683.jpg\" alt=\"\" class=\"wp-image-447401\"\/><figcaption>TSE rejeita cassar mandatos por \u2018abuso de poder religioso\u2019&nbsp;Foto: Reprodu\u00e7\u00e3o<\/figcaption><\/figure>\n\n\n\n<figure><iframe><\/iframe><\/figure>\n\n\n\n<p>Nesta ter\u00e7a-feira (18), o Tribunal Superior Eleitoral (TSE) rejeitou, por seis votos a um, a possibilidade de aplicar a tese de conduta de abuso de poder religioso nas elei\u00e7\u00f5es municipais deste ano. Votaram contra a tese os ministros&nbsp;Alexandre de Moraes, Tarc\u00edsio Vieira, Og Fernandes, Luis Felipe Salom\u00e3o, S\u00e9rgio Banhos e o presidente do tribunal, Lu\u00eds Roberto Barroso. Apenas o ministro Edson Fachin votou a favor da medida.<br>PUBLICIDADE<\/p>\n\n\n\n\n\n<p>Com a medida, defendida por Fachin, o TSE poderia punir com perda de mandato, os candidatos que fizerem campanhas dentro das igrejas ou usarem do aparato da organiza\u00e7\u00e3o religiosa a seu favor.<\/p>\n\n\n\n<p>O caso em quest\u00e3o analisado pela Corte foi referente a uma vereadora do munic\u00edpio de Luzi\u00e2nia (GO) eleita em 2016. O Minist\u00e9rio P\u00fablico Eleitoral (MPE) pediu a cassa\u00e7\u00e3o da vereadora por um suposto abuso de poder religioso. De acordo com o processo, o pai da parlamentar era pastor e teria pedido votos para a filha durante uma reuni\u00e3o com integrantes da igreja. Ela j\u00e1 havia sido condenada pela Justi\u00e7a Eleitoral, mas decidiu recorrer ao TSE.<\/p>\n\n\n\n<p>Em suas redes sociais, a deputada federal Bia Kicis comentou o julgamento e disse que a inten\u00e7\u00e3o era \u201ccalar conservadores\u201d.<\/p>\n\n\n\n<p>\u2013&nbsp;Rejeitada por 5 votos a tese de il\u00edcito do abuso de poder religioso. Votaram contra a tese de Fachin Alexandre de Moraes, Tarc\u00edsio Vieira, Og Fernandes, Salom\u00e3o e S\u00e9rgio Banhos. Derrota do ativismo absurdo que quer impedir crist\u00e3os na pol\u00edtica, ou seja, quer calar conservadores \u2013 escreveu.<br><\/p>\n","protected":false},"excerpt":{"rendered":"<p>Pleno.News &#8211;&nbsp;18\/08\/2020&nbsp;21h01 | atualizado em 18\/08\/2020 21h44 Nesta ter\u00e7a-feira (18), o Tribunal Superior Eleitoral (TSE) rejeitou, por seis votos a um, a possibilidade de aplicar a tese de conduta de abuso de poder religioso nas elei\u00e7\u00f5es municipais deste ano. Votaram contra a tese os ministros&nbsp;Alexandre de Moraes, Tarc\u00edsio Vieira, Og Fernandes, Luis Felipe Salom\u00e3o, S\u00e9rgio [&hellip;]<\/p>\n","protected":false},"author":2,"featured_media":6396,"comment_status":"open","ping_status":"open","sticky":false,"template":"","format":"standard","meta":[],"categories":[4],"tags":[13,14],"_links":{"self":[{"href":"https:\/\/dgospel.com.br\/portal\/index.php\/wp-json\/wp\/v2\/posts\/6395"}],"collection":[{"href":"https:\/\/dgospel.com.br\/portal\/index.php\/wp-json\/wp\/v2\/posts"}],"about":[{"href":"https:\/\/dgospel.com.br\/portal\/index.php\/wp-json\/wp\/v2\/types\/post"}],"author":[{"embeddable":true,"href":"https:\/\/dgospel.com.br\/portal\/index.php\/wp-json\/wp\/v2\/users\/2"}],"replies":[{"embeddable":true,"href":"https:\/\/dgospel.com.br\/portal\/index.php\/wp-json\/wp\/v2\/comments?post=6395"}],"version-history":[{"count":1,"href":"https:\/\/dgospel.com.br\/portal\/index.php\/wp-json\/wp\/v2\/posts\/6395\/revisions"}],"predecessor-version":[{"id":6397,"href":"https:\/\/dgospel.com.br\/portal\/index.php\/wp-json\/wp\/v2\/posts\/6395\/revisions\/6397"}],"wp:featuredmedia":[{"embeddable":true,"href":"https:\/\/dgospel.com.br\/portal\/index.php\/wp-json\/wp\/v2\/media\/6396"}],"wp:attachment":[{"href":"https:\/\/dgospel.com.br\/portal\/index.php\/wp-json\/wp\/v2\/media?parent=6395"}],"wp:term":[{"taxonomy":"category","embeddable":true,"href":"https:\/\/dgospel.com.br\/portal\/index.php\/wp-json\/wp\/v2\/categories?post=6395"},{"taxonomy":"post_tag","embeddable":true,"href":"https:\/\/dgospel.com.br\/portal\/index.php\/wp-json\/wp\/v2\/tags?post=6395"}],"curies":[{"name":"wp","href":"https:\/\/api.w.org\/{rel}","templated":true}]}}