{"id":640,"date":"2018-06-27T12:48:48","date_gmt":"2018-06-27T15:48:48","guid":{"rendered":"http:\/\/dgospel.com.br\/portal\/?p=640"},"modified":"2018-06-27T13:00:08","modified_gmt":"2018-06-27T16:00:08","slug":"processo-de-cassacao-de-marcelo-miranda-e-claudia-lelis-e-encaminhado-ao-supremo","status":"publish","type":"post","link":"https:\/\/dgospel.com.br\/portal\/index.php\/2018\/06\/27\/processo-de-cassacao-de-marcelo-miranda-e-claudia-lelis-e-encaminhado-ao-supremo\/","title":{"rendered":"Processo de cassa\u00e7\u00e3o de Marcelo Miranda e Claudia Lelis \u00e9 encaminhado ao Supremo"},"content":{"rendered":"<p>O ministro Luiz Fux, do Tribunal Superior Eleitoral, aceitou pedidos feitos pela defesa de Marcelo Miranda (MDB) e Cl\u00e1udia Lelis (PV) e enviou o processo que levou \u00e0 cassa\u00e7\u00e3o do ex-governador e da vice para an\u00e1lise do Supremo Tribunal Federal (STF). A decis\u00e3o foi divulgada nesta ter\u00e7a-feira (26),\u00a0<a href=\"https:\/\/g1.globo.com\/to\/tocantins\/eleicao-suplementar\/2018\/noticia\/mauro-carlesse-e-eleito-governador-do-tocantins-para-o-mandato-tampao.ghtml\">dois dias ap\u00f3s Mauro Carlesse ser eleito para o mandato-tamp\u00e3o do estado.<\/a><\/p>\n<p>O argumento principal \u00e9 de que o TSE levou em conta provas obtidas em celulares apreendidos de suspeitos, sem a autoriza\u00e7\u00e3o da Justi\u00e7a. &#8220;Por essa raz\u00e3o e verificado o preenchimento dos demais requisitos inerentes ao apelo extremo, entendo que a quest\u00e3o, suficiente para a admiss\u00e3o dos extraordin\u00e1rios, merece melhor exame pelo Supremo Tribunal Federal&#8221;, disse o ministro Luiz Fux, na decis\u00e3o.<\/p>\n<p><a href=\"https:\/\/g1.globo.com\/to\/tocantins\/noticia\/tse-publica-cassacao-de-marcelo-miranda-e-determina-eleicoes-diretas-no-tocantins.ghtml\">Marcelo Miranda (MDB) e a vice Cl\u00e1udia Lelis (PV) foram cassados em mar\u00e7o deste ano pelo TSE.\u00a0<\/a>Os dois foram considerados culpados por capta\u00e7\u00e3o ilegal de recursos para\u00a0<a href=\"http:\/\/g1.globo.com\/goias\/noticia\/2014\/09\/policia-apreende-aviao-com-r-500-mil-e-santinhos-de-candidato-do.html\">a campanha eleitoral de 2014<\/a>. Na \u00e9poca, uma aeronave foi apreendida em Goi\u00e1s com R$ 500 mil e santinhos do candidato.<\/p>\n<p>A defesa deles tentou, em diversos recursos, suspender os efeitos da cassa\u00e7\u00e3o at\u00e9 que o processo fosse analisado pelo Supremo, mas n\u00e3o conseguiu. Agora, todo o processo ser\u00e1 julgado novamente.<\/p>\n<p>Em caso de uma decis\u00e3o favor\u00e1vel, o ex-governador pode at\u00e9 retornar ao Pal\u00e1cio Araguaia. Por\u00e9m, de acordo com o procurador eleitoral \u00c1lvaro Manzano, \u00e9 pouco prov\u00e1vel que isso aconte\u00e7a.<\/p>\n<p>&#8220;Juridicamente, em tese, seria poss\u00edvel. Agora, nunca aconteceu do STF mudar esse tipo de decis\u00e3o do TSE. Levando em conta, inclusive, que j\u00e1 ocorreram at\u00e9 elei\u00e7\u00f5es suplementares&#8221;, comentou.<\/p>\n<p>Elei\u00e7\u00e3o suplementar<\/p>\n<p>O governador interino Mauro Carlesse (PHS) foi eleito para um mandato-tamp\u00e3o at\u00e9 31 de dezembro. Ele teve 75,14% dos votos v\u00e1lidos,\u00a0<a href=\"https:\/\/g1.globo.com\/to\/tocantins\/eleicao-suplementar\/2018\/noticia\/com-posse-marcada-para-julho-carlesse-comemora-aniversario-no-interior.ghtml\">no segundo turno da Elei\u00e7\u00e3o suplementar, realizada no \u00faltimo domingo.<\/a><\/p>\n<p>Carlesse ser\u00e1 diplomado no dia 9 de julho, no audit\u00f3rio do Tribunal Regional Eleitoral (TRE), em Palmas. No mesmo dia ele deve tomar posse na Assembleia Legislativa. A elei\u00e7\u00e3o foi convocada ap\u00f3s a cassa\u00e7\u00e3o de Marcelo Miranda.<\/p>\n<p>Fonte:\u00a0G1 Tocantins<\/p>\n","protected":false},"excerpt":{"rendered":"<p>O ministro Luiz Fux, do Tribunal Superior Eleitoral, aceitou pedidos feitos pela defesa de Marcelo Miranda (MDB) e Cl\u00e1udia Lelis (PV) e enviou o processo que levou \u00e0 cassa\u00e7\u00e3o do ex-governador e da vice para an\u00e1lise do Supremo Tribunal Federal (STF). A decis\u00e3o foi divulgada nesta ter\u00e7a-feira (26),\u00a0dois dias ap\u00f3s Mauro Carlesse ser eleito para [&hellip;]<\/p>\n","protected":false},"author":2,"featured_media":641,"comment_status":"open","ping_status":"open","sticky":false,"template":"","format":"standard","meta":[],"categories":[2,4],"tags":[],"_links":{"self":[{"href":"https:\/\/dgospel.com.br\/portal\/index.php\/wp-json\/wp\/v2\/posts\/640"}],"collection":[{"href":"https:\/\/dgospel.com.br\/portal\/index.php\/wp-json\/wp\/v2\/posts"}],"about":[{"href":"https:\/\/dgospel.com.br\/portal\/index.php\/wp-json\/wp\/v2\/types\/post"}],"author":[{"embeddable":true,"href":"https:\/\/dgospel.com.br\/portal\/index.php\/wp-json\/wp\/v2\/users\/2"}],"replies":[{"embeddable":true,"href":"https:\/\/dgospel.com.br\/portal\/index.php\/wp-json\/wp\/v2\/comments?post=640"}],"version-history":[{"count":1,"href":"https:\/\/dgospel.com.br\/portal\/index.php\/wp-json\/wp\/v2\/posts\/640\/revisions"}],"predecessor-version":[{"id":642,"href":"https:\/\/dgospel.com.br\/portal\/index.php\/wp-json\/wp\/v2\/posts\/640\/revisions\/642"}],"wp:featuredmedia":[{"embeddable":true,"href":"https:\/\/dgospel.com.br\/portal\/index.php\/wp-json\/wp\/v2\/media\/641"}],"wp:attachment":[{"href":"https:\/\/dgospel.com.br\/portal\/index.php\/wp-json\/wp\/v2\/media?parent=640"}],"wp:term":[{"taxonomy":"category","embeddable":true,"href":"https:\/\/dgospel.com.br\/portal\/index.php\/wp-json\/wp\/v2\/categories?post=640"},{"taxonomy":"post_tag","embeddable":true,"href":"https:\/\/dgospel.com.br\/portal\/index.php\/wp-json\/wp\/v2\/tags?post=640"}],"curies":[{"name":"wp","href":"https:\/\/api.w.org\/{rel}","templated":true}]}}