{"id":6418,"date":"2020-08-19T12:02:28","date_gmt":"2020-08-19T15:02:28","guid":{"rendered":"http:\/\/dgospel.com.br\/portal\/?p=6418"},"modified":"2020-08-19T12:02:30","modified_gmt":"2020-08-19T15:02:30","slug":"justica-determina-que-prefeitura-de-palmas-instale-novos-leitos-de-uti-e-clinicos-em-20-dias","status":"publish","type":"post","link":"https:\/\/dgospel.com.br\/portal\/index.php\/2020\/08\/19\/justica-determina-que-prefeitura-de-palmas-instale-novos-leitos-de-uti-e-clinicos-em-20-dias\/","title":{"rendered":"Justi\u00e7a determina que prefeitura de Palmas instale novos leitos de UTI e cl\u00ednicos em 20 dias"},"content":{"rendered":"\n<p>A Justi\u00e7a do Tocantins determinou nesta ter\u00e7a-feira (18) que a Prefeitura de Palmas tem 20 dias para instalar novos leitos de UTI e tamb\u00e9m leitos cl\u00ednicos para o combate \u00e0 Covid-19. A ordem \u00e9 para que sejam instalados 10 novos leitos de UTI e 36 leitos cl\u00ednicos. A decis\u00e3o foi tomada ap\u00f3s o Minist\u00e9rio P\u00fablico Estadual questionar como o dinheiro enviado pelo Governo Federal est\u00e1 sendo usado.<\/p>\n\n\n\n<p>O MP afirma que prefeitura destinou os recursos apenas para a\u00e7\u00f5es paliativas e n\u00e3o estruturou a rede. &#8220;O principal foco na estrutura\u00e7\u00e3o dos servi\u00e7os deve ser quanto \u00e0 oferta de leitos de UTI e de leitos cl\u00ednicos, sendo que a expans\u00e3o ocorreu de forma muito t\u00edmida em rela\u00e7\u00e3o aos leitos cl\u00ednicos. No tocante aos leitos de UTI, o Munic\u00edpio simplesmente cruzou os bra\u00e7os, deixando a responsabilidade sobre o Estado&#8221;, escreveu o promotor de Justi\u00e7a Thiago Ribeiro.<\/p>\n\n\n\n<p>A a\u00e7\u00e3o tamb\u00e9m afirma que a cidade j\u00e1 recebeu R$ 11 milh\u00f5es da Uni\u00e3o. O caso tramitava na Justi\u00e7a desde o dia 7 de agosto e a decis\u00e3o para que os novos leitos sejam instalados \u00e9 desta ter\u00e7a.<\/p>\n\n\n\n<p>At\u00e9 esta ter\u00e7a-feira, a capital registra 9.320 casos confirmados de coronav\u00edrus e 65 mortes pela doen\u00e7a. O munic\u00edpio \u00e9 o segundo mais afetado no Tocantins, atr\u00e1s apenas de Aragua\u00edna. Atualmente, casos graves da doen\u00e7a s\u00e3o atendidos no Hospital Geral de Palmas ou em hospitais da rede particular com conv\u00eanios no Sistema \u00danico de Sa\u00fade.<\/p>\n\n\n\n\n\n<p>Em nota, a Secretaria Municipal da Sa\u00fade (Semus), informou que em at\u00e9 20 dias pretende disponibilizar mais 20 leitos de estabiliza\u00e7\u00e3o com respiradores na Unidade de Pronto Atendimento Norte (UPA Norte). Disse ainda que &#8220;realizar\u00e1 tratativas com a rede privada&#8221; para disponibilizar dez leitos de Unidade de Terapia Intensiva. A prefeitura n\u00e3o se manifestou sobre a instala\u00e7\u00e3o dos 36 leitos cl\u00ednicos ordenados pela Justi\u00e7a.<\/p>\n\n\n\n<p>Segundo a prefeitura, a medida \u00e9 &#8220;um acordo realizado entre a Semus e a Justi\u00e7a Estadual, Minist\u00e9rio P\u00fablico do Estado (MPTO) e Defensoria P\u00fablica do Estado (DPE-TO)&#8221;.<\/p>\n\n\n\n<p>Fonte:<strong> G1 Tocantins<\/strong><\/p>\n","protected":false},"excerpt":{"rendered":"<p>A Justi\u00e7a do Tocantins determinou nesta ter\u00e7a-feira (18) que a Prefeitura de Palmas tem 20 dias para instalar novos leitos de UTI e tamb\u00e9m leitos cl\u00ednicos para o combate \u00e0 Covid-19. A ordem \u00e9 para que sejam instalados 10 novos leitos de UTI e 36 leitos cl\u00ednicos. A decis\u00e3o foi tomada ap\u00f3s o Minist\u00e9rio P\u00fablico [&hellip;]<\/p>\n","protected":false},"author":2,"featured_media":6419,"comment_status":"open","ping_status":"open","sticky":false,"template":"","format":"standard","meta":[],"categories":[3],"tags":[13],"_links":{"self":[{"href":"https:\/\/dgospel.com.br\/portal\/index.php\/wp-json\/wp\/v2\/posts\/6418"}],"collection":[{"href":"https:\/\/dgospel.com.br\/portal\/index.php\/wp-json\/wp\/v2\/posts"}],"about":[{"href":"https:\/\/dgospel.com.br\/portal\/index.php\/wp-json\/wp\/v2\/types\/post"}],"author":[{"embeddable":true,"href":"https:\/\/dgospel.com.br\/portal\/index.php\/wp-json\/wp\/v2\/users\/2"}],"replies":[{"embeddable":true,"href":"https:\/\/dgospel.com.br\/portal\/index.php\/wp-json\/wp\/v2\/comments?post=6418"}],"version-history":[{"count":1,"href":"https:\/\/dgospel.com.br\/portal\/index.php\/wp-json\/wp\/v2\/posts\/6418\/revisions"}],"predecessor-version":[{"id":6420,"href":"https:\/\/dgospel.com.br\/portal\/index.php\/wp-json\/wp\/v2\/posts\/6418\/revisions\/6420"}],"wp:featuredmedia":[{"embeddable":true,"href":"https:\/\/dgospel.com.br\/portal\/index.php\/wp-json\/wp\/v2\/media\/6419"}],"wp:attachment":[{"href":"https:\/\/dgospel.com.br\/portal\/index.php\/wp-json\/wp\/v2\/media?parent=6418"}],"wp:term":[{"taxonomy":"category","embeddable":true,"href":"https:\/\/dgospel.com.br\/portal\/index.php\/wp-json\/wp\/v2\/categories?post=6418"},{"taxonomy":"post_tag","embeddable":true,"href":"https:\/\/dgospel.com.br\/portal\/index.php\/wp-json\/wp\/v2\/tags?post=6418"}],"curies":[{"name":"wp","href":"https:\/\/api.w.org\/{rel}","templated":true}]}}