{"id":6425,"date":"2020-08-19T23:04:50","date_gmt":"2020-08-20T02:04:50","guid":{"rendered":"http:\/\/dgospel.com.br\/portal\/?p=6425"},"modified":"2020-08-19T23:04:51","modified_gmt":"2020-08-20T02:04:51","slug":"bolsonaro-pode-manter-auxilio-e-reconhece-r-200-e-pouco","status":"publish","type":"post","link":"https:\/\/dgospel.com.br\/portal\/index.php\/2020\/08\/19\/bolsonaro-pode-manter-auxilio-e-reconhece-r-200-e-pouco\/","title":{"rendered":"Bolsonaro pode manter aux\u00edlio e reconhece: \u201cR$ 200 \u00e9 pouco\u201d"},"content":{"rendered":"\n<p> O presidente Jair Bolsonaro (sem partido) indicou nesta quarta-feira (19) que o governo deve ampliar o aux\u00edlio emergencial at\u00e9 o final do ano em pagamentos inferiores aos atuais R$ 600, mas adiantou que considera baixo o valor de R$ 200 mensais defendido pelo ministro Paulo Guedes (Economia). O presidente defendeu um \u201cmeio-termo\u201d para o benef\u00edcio. <\/p>\n\n\n\n<p>\u2013 R$ 600 reais \u00e9 muito; o Paulo Guedes, algu\u00e9m falou na Economia em R$ 200, eu acho que \u00e9 pouco. Mas d\u00e1 para chegarmos no meio-termo e n\u00f3s buscarmos que ele venha a ser prorrogado por mais alguns meses, talvez at\u00e9 o final do ano, de modo que consigamos sair dessa situa\u00e7\u00e3o \u2013 declarou o presidente, durante cerim\u00f4nia de san\u00e7\u00e3o de MPs (Medidas Provis\u00f3rias) que liberam cr\u00e9dito para empresas durante a pandemia.<\/p>\n\n\n\n<p>O presidente disse em seu discurso que tratou da amplia\u00e7\u00e3o do benef\u00edcio social em caf\u00e9 da manh\u00e3 nesta quarta com o presidente da C\u00e2mara, Rodrigo Maia (DEM-RJ). Ele alegou que as conversas sobre o tema est\u00e3o em fase final e que a manuten\u00e7\u00e3o do aux\u00edlio no patamar atual \u201cpesa muito\u201d para os cofres p\u00fablicos \u2013a estimativa do governo \u00e9 que o benef\u00edcio, que chega a cerca de 65 milh\u00f5es de pessoas, custe mensalmente R$ 50 bilh\u00f5es.<\/p>\n\n\n\n<p>Como a Folha mostrou nesta ter\u00e7a (18), o governo estuda editar uma MP para prorrogar o aux\u00edlio at\u00e9 o final de dezembro.<\/p>\n\n\n\n<p>Guedes vinha defendendo que as parcelas ca\u00edssem para R$ 200, mas diante da press\u00e3o do Planalto a equipe econ\u00f4mica j\u00e1 trabalha com uma proje\u00e7\u00e3o de benef\u00edcio de R$ 300.<\/p>\n\n\n\n<p>Nesta quarta, Bolsonaro voltou a alegar que a preserva\u00e7\u00e3o do patamar atual \u00e9 invi\u00e1vel porque gera endividamento para o estado.<\/p>\n\n\n\n<p>\u2013 E se o pa\u00eds se endivida demais acaba perdendo a sua credibilidade no futuro \u2013 disse o mandat\u00e1rio.<\/p>\n","protected":false},"excerpt":{"rendered":"<p>O presidente Jair Bolsonaro (sem partido) indicou nesta quarta-feira (19) que o governo deve ampliar o aux\u00edlio emergencial at\u00e9 o final do ano em pagamentos inferiores aos atuais R$ 600, mas adiantou que considera baixo o valor de R$ 200 mensais defendido pelo ministro Paulo Guedes (Economia). O presidente defendeu um \u201cmeio-termo\u201d para o benef\u00edcio. [&hellip;]<\/p>\n","protected":false},"author":2,"featured_media":6287,"comment_status":"open","ping_status":"open","sticky":false,"template":"","format":"standard","meta":[],"categories":[4],"tags":[13,14],"_links":{"self":[{"href":"https:\/\/dgospel.com.br\/portal\/index.php\/wp-json\/wp\/v2\/posts\/6425"}],"collection":[{"href":"https:\/\/dgospel.com.br\/portal\/index.php\/wp-json\/wp\/v2\/posts"}],"about":[{"href":"https:\/\/dgospel.com.br\/portal\/index.php\/wp-json\/wp\/v2\/types\/post"}],"author":[{"embeddable":true,"href":"https:\/\/dgospel.com.br\/portal\/index.php\/wp-json\/wp\/v2\/users\/2"}],"replies":[{"embeddable":true,"href":"https:\/\/dgospel.com.br\/portal\/index.php\/wp-json\/wp\/v2\/comments?post=6425"}],"version-history":[{"count":1,"href":"https:\/\/dgospel.com.br\/portal\/index.php\/wp-json\/wp\/v2\/posts\/6425\/revisions"}],"predecessor-version":[{"id":6426,"href":"https:\/\/dgospel.com.br\/portal\/index.php\/wp-json\/wp\/v2\/posts\/6425\/revisions\/6426"}],"wp:featuredmedia":[{"embeddable":true,"href":"https:\/\/dgospel.com.br\/portal\/index.php\/wp-json\/wp\/v2\/media\/6287"}],"wp:attachment":[{"href":"https:\/\/dgospel.com.br\/portal\/index.php\/wp-json\/wp\/v2\/media?parent=6425"}],"wp:term":[{"taxonomy":"category","embeddable":true,"href":"https:\/\/dgospel.com.br\/portal\/index.php\/wp-json\/wp\/v2\/categories?post=6425"},{"taxonomy":"post_tag","embeddable":true,"href":"https:\/\/dgospel.com.br\/portal\/index.php\/wp-json\/wp\/v2\/tags?post=6425"}],"curies":[{"name":"wp","href":"https:\/\/api.w.org\/{rel}","templated":true}]}}