{"id":6427,"date":"2020-08-21T15:35:42","date_gmt":"2020-08-21T18:35:42","guid":{"rendered":"http:\/\/dgospel.com.br\/portal\/?p=6427"},"modified":"2020-08-21T15:35:43","modified_gmt":"2020-08-21T18:35:43","slug":"web-critica-mandetta-apos-china-recomendar-cloroquina","status":"publish","type":"post","link":"https:\/\/dgospel.com.br\/portal\/index.php\/2020\/08\/21\/web-critica-mandetta-apos-china-recomendar-cloroquina\/","title":{"rendered":"Web critica Mandetta ap\u00f3s China recomendar cloroquina"},"content":{"rendered":"\n<p>O ex-ministro da Sa\u00fade, Luiz Henrique Mandetta, virou assunto nas redes sociais, nesta sexta-feira (21), ap\u00f3s a not\u00edcia de que a China passou a recomendar o uso da hidroxicloroquina para o tratamento contra o coronav\u00edrus. No Twitter, o termo #MandettaGenocida chegou a figurar em primeiro lugar nos trending topics.<\/p>\n\n\n\n<p>Em abril,\u00a0<a href=\"https:\/\/pleno.news\/brasil\/politica-nacional\/mandetta-rejeita-cloroquina-e-e-chamado-de-genocida.html\">o ex-ministro j\u00e1 havia sido bastante atacado na internet<\/a>\u00a0por se recusar a assinar um decreto liberando o uso da hidroxicloroquina para o tratamento de pacientes graves com Covid-19. Na \u00e9poca, ele explicou que n\u00e3o aprovou o documento por falta de embasamento cient\u00edfico.<\/p>\n\n\n\n<p>O rem\u00e9dio defendido fortemente pelo presidente Jair Bolsonaro tamb\u00e9m foi motivo para o pedido de demiss\u00e3o de Nelson Teich, que assumiu a pasta com a sa\u00edda de Mandetta. Em seu discurso,&nbsp;<a href=\"https:\/\/pleno.news\/brasil\/politica-nacional\/nelson-teich-pede-demissao-do-ministerio-da-saude.html\">Teich disse que n\u00e3o iria manchar sua hist\u00f3ria por causa da cloroquina<\/a>.<\/p>\n\n\n\n<p>Nesta sexta-feira (21), Mandetta anunciou a pr\u00e9-venda de seu livro Um Paciente Chamado Brasil, onde ele \u201cnarra com detalhes a luta para conter a Covid-19 no Brasil durante sua gest\u00e3o\u201d. A publica\u00e7\u00e3o tamb\u00e9m foi alvo de cr\u00edticas dos internautas a favor do presidente.<\/p>\n\n\n\n<p>Atualmente, o Brasil contabiliza 3.501.975 casos confirmados de infec\u00e7\u00e3o pelo novo coronav\u00edrus. O n\u00famero de curados j\u00e1 chegou a 2.653.407 e os mortos somam 112.304.<\/p>\n","protected":false},"excerpt":{"rendered":"<p>O ex-ministro da Sa\u00fade, Luiz Henrique Mandetta, virou assunto nas redes sociais, nesta sexta-feira (21), ap\u00f3s a not\u00edcia de que a China passou a recomendar o uso da hidroxicloroquina para o tratamento contra o coronav\u00edrus. No Twitter, o termo #MandettaGenocida chegou a figurar em primeiro lugar nos trending topics. Em abril,\u00a0o ex-ministro j\u00e1 havia sido [&hellip;]<\/p>\n","protected":false},"author":2,"featured_media":6428,"comment_status":"open","ping_status":"open","sticky":false,"template":"","format":"standard","meta":[],"categories":[4],"tags":[13,14],"_links":{"self":[{"href":"https:\/\/dgospel.com.br\/portal\/index.php\/wp-json\/wp\/v2\/posts\/6427"}],"collection":[{"href":"https:\/\/dgospel.com.br\/portal\/index.php\/wp-json\/wp\/v2\/posts"}],"about":[{"href":"https:\/\/dgospel.com.br\/portal\/index.php\/wp-json\/wp\/v2\/types\/post"}],"author":[{"embeddable":true,"href":"https:\/\/dgospel.com.br\/portal\/index.php\/wp-json\/wp\/v2\/users\/2"}],"replies":[{"embeddable":true,"href":"https:\/\/dgospel.com.br\/portal\/index.php\/wp-json\/wp\/v2\/comments?post=6427"}],"version-history":[{"count":1,"href":"https:\/\/dgospel.com.br\/portal\/index.php\/wp-json\/wp\/v2\/posts\/6427\/revisions"}],"predecessor-version":[{"id":6429,"href":"https:\/\/dgospel.com.br\/portal\/index.php\/wp-json\/wp\/v2\/posts\/6427\/revisions\/6429"}],"wp:featuredmedia":[{"embeddable":true,"href":"https:\/\/dgospel.com.br\/portal\/index.php\/wp-json\/wp\/v2\/media\/6428"}],"wp:attachment":[{"href":"https:\/\/dgospel.com.br\/portal\/index.php\/wp-json\/wp\/v2\/media?parent=6427"}],"wp:term":[{"taxonomy":"category","embeddable":true,"href":"https:\/\/dgospel.com.br\/portal\/index.php\/wp-json\/wp\/v2\/categories?post=6427"},{"taxonomy":"post_tag","embeddable":true,"href":"https:\/\/dgospel.com.br\/portal\/index.php\/wp-json\/wp\/v2\/tags?post=6427"}],"curies":[{"name":"wp","href":"https:\/\/api.w.org\/{rel}","templated":true}]}}