{"id":6434,"date":"2020-08-25T09:23:11","date_gmt":"2020-08-25T12:23:11","guid":{"rendered":"http:\/\/dgospel.com.br\/portal\/?p=6434"},"modified":"2020-08-25T09:23:12","modified_gmt":"2020-08-25T12:23:12","slug":"estado-do-tocantins-conta-com-mais-um-helicoptero-para-fiscalizar-e-combater-incendios-florestais","status":"publish","type":"post","link":"https:\/\/dgospel.com.br\/portal\/index.php\/2020\/08\/25\/estado-do-tocantins-conta-com-mais-um-helicoptero-para-fiscalizar-e-combater-incendios-florestais\/","title":{"rendered":"Estado do Tocantins conta com mais um helic\u00f3ptero para fiscalizar e combater inc\u00eandios florestais"},"content":{"rendered":"\n<p>A partir desta segunda-feira, 24, as a\u00e7\u00f5es integradas de fiscaliza\u00e7\u00e3o, combate e monitoramento aos inc\u00eandios florestais no Tocantins passam a ter o apoio de um helic\u00f3ptero do Instituto Brasileiro do Meio Ambiente e dos Recursos Naturais Renov\u00e1veis (Ibama). A aeronave ficar\u00e1 baseada na sede do 1\u00b0&nbsp;Batalh\u00e3o de Bombeiros Militares, na antiga Avenida do Aeroporto, em Palmas. Segundo a Defesa Civil Estadual, que encabe\u00e7a os trabalhos por meio&nbsp;do Comit\u00ea do Fogo, o plano \u00e9 fazer voos di\u00e1rios, inicialmente, na regi\u00e3o central do Estado.<\/p>\n\n\n\n<p>O coordenador-adjunto da Defesa Civil Estadual, tenente-coronel Erisvaldo Alves, ressaltou a participa\u00e7\u00e3o do aparelho nas a\u00e7\u00f5es integradas, onde j\u00e1 tem o helic\u00f3ptero do Centro Integrado de Opera\u00e7\u00f5es A\u00e9reas (Ciopaer) e um avi\u00e3o do Instituto Natureza do Tocantins (Naturatins). Participam tamb\u00e9m das atividades integradas, o Batalh\u00e3o de Pol\u00edcia Militar Ambiental (BPMA), o Guarda Metropolitana de Palmas e a Funda\u00e7\u00e3o Municipal de Meio Ambiente.<\/p>\n\n\n\n<p>\u201c\u00c9 muito v\u00e1lido. A gente sabe que esse modelo de aeronave tem uma grande agilidade, podendo sobrevoar \u00e1reas onde, muitas vezes, um avi\u00e3o n\u00e3o consegue. E ele ainda tem a capacidade de colocar combatentes em locais de dif\u00edcil acesso durante uma a\u00e7\u00e3o emergencial\u201d, afirmou o tenente-coronel Erisvaldo Alves.<\/p>\n\n\n\n<p>O helic\u00f3ptero fez sua \u00faltima opera\u00e7\u00e3o na Lagoa da Confus\u00e3o, e tem capacidade para sete lugares, sendo tr\u00eas tripulantes. Outra vantagem do modelo, \u00e9 que ele tamb\u00e9m possui helibalde, o compartimento que vai pendurado na parte de baixo, levando \u00e1gua para o combate \u00e0s queimadas.<\/p>\n","protected":false},"excerpt":{"rendered":"<p>A partir desta segunda-feira, 24, as a\u00e7\u00f5es integradas de fiscaliza\u00e7\u00e3o, combate e monitoramento aos inc\u00eandios florestais no Tocantins passam a ter o apoio de um helic\u00f3ptero do Instituto Brasileiro do Meio Ambiente e dos Recursos Naturais Renov\u00e1veis (Ibama). A aeronave ficar\u00e1 baseada na sede do 1\u00b0&nbsp;Batalh\u00e3o de Bombeiros Militares, na antiga Avenida do Aeroporto, em [&hellip;]<\/p>\n","protected":false},"author":2,"featured_media":6435,"comment_status":"open","ping_status":"open","sticky":false,"template":"","format":"standard","meta":[],"categories":[3],"tags":[13],"_links":{"self":[{"href":"https:\/\/dgospel.com.br\/portal\/index.php\/wp-json\/wp\/v2\/posts\/6434"}],"collection":[{"href":"https:\/\/dgospel.com.br\/portal\/index.php\/wp-json\/wp\/v2\/posts"}],"about":[{"href":"https:\/\/dgospel.com.br\/portal\/index.php\/wp-json\/wp\/v2\/types\/post"}],"author":[{"embeddable":true,"href":"https:\/\/dgospel.com.br\/portal\/index.php\/wp-json\/wp\/v2\/users\/2"}],"replies":[{"embeddable":true,"href":"https:\/\/dgospel.com.br\/portal\/index.php\/wp-json\/wp\/v2\/comments?post=6434"}],"version-history":[{"count":1,"href":"https:\/\/dgospel.com.br\/portal\/index.php\/wp-json\/wp\/v2\/posts\/6434\/revisions"}],"predecessor-version":[{"id":6436,"href":"https:\/\/dgospel.com.br\/portal\/index.php\/wp-json\/wp\/v2\/posts\/6434\/revisions\/6436"}],"wp:featuredmedia":[{"embeddable":true,"href":"https:\/\/dgospel.com.br\/portal\/index.php\/wp-json\/wp\/v2\/media\/6435"}],"wp:attachment":[{"href":"https:\/\/dgospel.com.br\/portal\/index.php\/wp-json\/wp\/v2\/media?parent=6434"}],"wp:term":[{"taxonomy":"category","embeddable":true,"href":"https:\/\/dgospel.com.br\/portal\/index.php\/wp-json\/wp\/v2\/categories?post=6434"},{"taxonomy":"post_tag","embeddable":true,"href":"https:\/\/dgospel.com.br\/portal\/index.php\/wp-json\/wp\/v2\/tags?post=6434"}],"curies":[{"name":"wp","href":"https:\/\/api.w.org\/{rel}","templated":true}]}}